{"id":147694,"date":"2026-04-29T14:44:52","date_gmt":"2026-04-29T13:44:52","guid":{"rendered":"https:\/\/bcc.no\/?p=147694"},"modified":"2026-04-29T14:44:52","modified_gmt":"2026-04-29T13:44:52","slug":"assistez-a-une-repetition-de-la-comedie-musicale-sur-josue","status":"publish","type":"post","link":"https:\/\/bcc.no\/fr\/assistez-a-une-repetition-de-la-comedie-musicale-sur-josue\/","title":{"rendered":"Assistez \u00e0 une r\u00e9p\u00e9tition de la com\u00e9die musicale sur Josu\u00e9"},"content":{"rendered":"\n<p>\u2013 Il y a une ambiance magique ici, dit Rune, qui incarne le r\u00f4le principal de Josu\u00e9.\u00a0Il fait partie de l\u2019\u00e9glise locale d&rsquo;Oslo et Follo, qui s&rsquo;est vu confier la responsabilit\u00e9 de la com\u00e9die musicale.\u00a0<\/p>\n\n\n\n<figure class=\"wp-block-image size-full\"><img loading=\"lazy\" decoding=\"async\" width=\"2560\" height=\"1877\" src=\"https:\/\/bcc.no\/wp-content\/uploads\/2026\/04\/IMG_9753-scaled.jpg\" alt=\"\" class=\"wp-image-147652\"\/><figcaption class=\"wp-element-caption\">Rune (au milieu) tient le r\u00f4le principal dans la com\u00e9die musicale.<\/figcaption><\/figure>\n\n\n\n<p>En ce samedi matin d&rsquo;avril, le centre de conf\u00e9rences d&rsquo;\u00c5rvoll, \u00e0 Moss, est en pleine effervescence. Des com\u00e9diens de tous \u00e2ges chantent, dansent et r\u00e9p\u00e8tent leurs r\u00e9pliques.\u00a0Ils sont motiv\u00e9s et s&rsquo;encouragent mutuellement, tout en abordant la t\u00e2che avec humilit\u00e9.\u00a0<\/p>\n\n\n\n<p>\u2013 On ne peut pas aborder une telle histoire \u00e0 la l\u00e9g\u00e8re, explique Rune.\u00a0\u00a0<\/p>\n\n\n\n<p>&#8211; Josu\u00e9 \u00e9tait un homme de foi, et c&rsquo;est pr\u00e9cis\u00e9ment cet esprit de foi que nous voulons insuffler dans le c\u0153ur des enfants.\u00a0Ils doivent sentir que leur foi en Dieu se renforce gr\u00e2ce \u00e0 ce que nous leur transmettons.\u00a0<\/p>\n\n\n\n<h2 class=\"wp-block-heading\"><strong>Une histoire \u00e9difiante pour la foi, racont\u00e9e avec vie<\/strong>\u00a0<\/h2>\n\n\n\n<p>Avec des d\u00e9cors et des costumes color\u00e9s, de la musique live et un message fort, cette com\u00e9die musicale transporte le public dans l&rsquo;une des nombreuses histoires bibliques qui renforcent la foi.\u00a0\u00a0<\/p>\n\n\n\n<figure class=\"wp-block-image size-full\"><img loading=\"lazy\" decoding=\"async\" width=\"2560\" height=\"1708\" src=\"https:\/\/bcc.no\/wp-content\/uploads\/2026\/04\/DSC0016-scaled.jpg\" alt=\"\" class=\"wp-image-147622\"\/><figcaption class=\"wp-element-caption\">Les d\u00e9cors et les costumes color\u00e9s sont test\u00e9s<\/figcaption><\/figure>\n\n\n\n<p>Dans cette repr\u00e9sentation, nous suivons Josu\u00e9 et le peuple d\u2019Isra\u00ebl alors qu\u2019ils se tiennent aux portes de la Terre promise \u2014 avec la crainte, la foi et d\u2019immenses d\u00e9fis devant eux. Le suspense est \u00e0 son comble lorsque Josu\u00e9 envoie les deux jeunes \u00e9claireurs, Benjamin et Palt, en mission p\u00e9rilleuse \u00e0 J\u00e9richo. Alors que Palt est intr\u00e9pide et impulsif, Benjamin est plus prudent et h\u00e9sitant. Comment s&rsquo;en sortent-ils, avec leurs caract\u00e8res si diff\u00e9rents ?\u00a0<\/p>\n\n\n\n<figure class=\"wp-block-image size-full\"><img loading=\"lazy\" decoding=\"async\" width=\"2560\" height=\"1708\" src=\"https:\/\/bcc.no\/wp-content\/uploads\/2026\/04\/DSC0001-scaled.jpg\" alt=\"\" class=\"wp-image-147612\"\/><figcaption class=\"wp-element-caption\">Des spectateurs et des instructeurs enthousiastes suivent la r\u00e9p\u00e9tition avec attention.<\/figcaption><\/figure>\n\n\n\n<h2 class=\"wp-block-heading\"><strong>Une gestion centralis\u00e9e et une mise en \u0153uvre locale<\/strong><\/h2>\n\n\n\n<p>Le sc\u00e9nario et la musique de la com\u00e9die musicale ont \u00e9t\u00e9 produits par BCC Media et BCC Music.\u00a0<\/p>\n\n\n\n<p>\u2013 Cette histoire nous enseigne beaucoup de choses, notamment sur la foi et l&rsquo;ob\u00e9issance \u00e0 celle-ci. C&rsquo;est pr\u00e9cis\u00e9ment l&rsquo;ob\u00e9issance \u00e0 Dieu qui a permis \u00e0 Isra\u00ebl de conqu\u00e9rir la Terre promise et de voir les murs s&rsquo;effondrer, explique la r\u00e9alisatrice Astrid Hauptmann.\u00a0<\/p>\n\n\n\n<figure class=\"wp-block-image size-full\"><img loading=\"lazy\" decoding=\"async\" width=\"2560\" height=\"1920\" src=\"https:\/\/bcc.no\/wp-content\/uploads\/2026\/04\/IMG_9733-scaled.jpg\" alt=\"\" class=\"wp-image-147647\"\/><figcaption class=\"wp-element-caption\">Les acteurs les plus \u00e2g\u00e9s ont environ 80 ans, tandis que les plus jeunes sont en \u00e2ge d&rsquo;aller \u00e0 l&rsquo;\u00e9cole primaire.<\/figcaption><\/figure>\n\n\n\n<p>\u2013 Nous pouvons aussi voir les \u00ab murs \u00bb s\u2019effondrer dans nos vies lorsque nous nous tournons vers Dieu dans un esprit de foi, dit-elle.\u00a0<\/p>\n\n\n\n<h2 class=\"wp-block-heading\"><strong>Un excellent d\u00e9but pour les r\u00e9p\u00e9titions<\/strong><\/h2>\n\n\n\n<p>La metteuse en sc\u00e8ne Astrid explique que ce premier week-end de r\u00e9p\u00e9titions a \u00e9t\u00e9 un tr\u00e8s bon d\u00e9but.<\/p>\n\n\n\n<p>\u2013 Les jeunes comme les personnes \u00e2g\u00e9es se sont montr\u00e9s si positifs et enthousiastes que nous avons accompli \u00e9norm\u00e9ment de choses en tr\u00e8s peu de temps.\u00a0<\/p>\n\n\n\n<p>Tonje Gihl, qui s&rsquo;occupe du casting et de l&rsquo;\u00e9quipe technique, se r\u00e9jouit \u00e9galement de ce d\u00e9part :\u00a0<\/p>\n\n\n\n<p>\u2013 C&rsquo;est vraiment g\u00e9nial de les voir tous r\u00e9unis pour la premi\u00e8re fois. C&rsquo;est tellement g\u00e9nial de voir \u00e0 quel point les acteurs sont dou\u00e9s et \u00e0 quelle vitesse ils assimilent les consignes.\u00a0\u00a0<\/p>\n\n\n\n<p>De plus, de nombreux membres cl\u00e9s de l&rsquo;\u00e9quipe, tels que les chor\u00e9graphes, les couturi\u00e8res et bien d&rsquo;autres encore, accomplissent un travail remarquable et de grande qualit\u00e9.\u00a0\u00a0<\/p>\n\n\n\n<p>\u2013 Je me sens tr\u00e8s chanceuse de pouvoir participer \u00e0 ce projet, d\u00e9clare Tonje.\u00a0\u00a0<\/p>\n\n\n\n<figure class=\"wp-block-image size-full\"><img loading=\"lazy\" decoding=\"async\" width=\"2560\" height=\"1708\" src=\"https:\/\/bcc.no\/wp-content\/uploads\/2026\/04\/DSC0045-scaled.jpg\" alt=\"\" class=\"wp-image-147632\"\/><figcaption class=\"wp-element-caption\">Les com\u00e9diens se donnent \u00e0 fond pendant la r\u00e9p\u00e9tition.<\/figcaption><\/figure>\n\n\n\n<h2 class=\"wp-block-heading\"><strong>H\u00e2te de se produire<\/strong><\/h2>\n\n\n\n<p>Les acteurs les plus \u00e2g\u00e9s ont environ 80 ans, tandis que les plus jeunes sont en \u00e2ge d&rsquo;aller \u00e0 l&rsquo;\u00e9cole primaire. Pour beaucoup, apprendre \u00e0 la fois les r\u00e9pliques, les chansons et les chor\u00e9graphies a \u00e9t\u00e9 un v\u00e9ritable d\u00e9fi, mais chaque sc\u00e8ne est empreinte d&rsquo;\u00e9nergie et de joie.\u00a0<\/p>\n\n\n\n<p>\u2013 Le plus beau, ce sera de jouer la pi\u00e8ce devant un public, dit Ole (10 ans), l&rsquo;un des jeunes com\u00e9diens.\u00a0<\/p>\n\n\n\n<p>\u00c0 l&rsquo;approche de l&rsquo;\u00e9t\u00e9, plusieurs week-ends de r\u00e9p\u00e9tition les attendent, sans oublier la r\u00e9p\u00e9tition g\u00e9n\u00e9rale avant le grand spectacle pr\u00e9vu lors de la conf\u00e9rence d\u2019\u00e9t\u00e9 \u00e0 Brunstad.\u00a0<\/p>\n\n\n\n<p>\u2013 La com\u00e9die musicale s&rsquo;annonce vraiment bien, alors il n&rsquo;y a plus qu&rsquo;\u00e0 se r\u00e9jouir, dit Tonje.<\/p>\n\n\n\n    <section class=\"related-articles\" data-columns=\"3\">\n        <h2>Lire aussi<\/h2>\n        <div class=\"related-articles-items\">\n                            <div id=\"post-138870\" class=\"article has-image\">\n                    <div class=\"article-card no-content\">No post available.<\/div>                <\/div>\n                                <\/div>\n    <\/section>\n\n","protected":false},"excerpt":{"rendered":"<p>Des com\u00e9diens b\u00e9n\u00e9voles de 8 \u00e0 80 ans sont en pleine pr\u00e9paration de la com\u00e9die musicale de cette ann\u00e9e qui sera jou\u00e9e lors de la conf\u00e9rence d\u2019\u00e9t\u00e9.\u00a0Elle portera sur Josu\u00e9, le h\u00e9ros de la foi.\u00a0<\/p>\n","protected":false},"author":24,"featured_media":147617,"comment_status":"closed","ping_status":"closed","sticky":false,"template":"","format":"standard","meta":{"_acf_changed":false,"inline_featured_image":false,"_uag_custom_page_level_css":"","bcc_login_visibility":0,"bcc_groups":[],"bcc_groups_email":true,"bcc_visibility_groups":[],"bcc_visibility_groups_email":false,"sent_notifications":[],"footnotes":"","_links_to":"","_links_to_target":""},"categories":[2493],"tags":[],"class_list":["post-147694","post","type-post","status-publish","format-standard","has-post-thumbnail","hentry","category-les-enfants-et-les-jeunes-fr"],"acf":{"rss_image":""},"featured_image_src":"https:\/\/bcc.no\/wp-content\/uploads\/2026\/04\/DSC0004-scaled.jpg","author_info":{"display_name":"Eva-Marie Mihai","author_link":"https:\/\/bcc.no\/fr\/author\/18082\/"},"yoast_head":"<!-- This site is optimized with the Yoast SEO plugin v27.4 - https:\/\/yoast.com\/product\/yoast-seo-wordpress\/ -->\n<title>Assistez \u00e0 une r\u00e9p\u00e9tition de la com\u00e9die musicale sur Josu\u00e9 - BCC<\/title>\n<meta name=\"robots\" content=\"index, follow, max-snippet:-1, max-image-preview:large, max-video-preview:-1\" \/>\n<link rel=\"canonical\" href=\"https:\/\/bcc.no\/fr\/assistez-a-une-repetition-de-la-comedie-musicale-sur-josue\/\" \/>\n<meta property=\"og:locale\" content=\"fr_FR\" \/>\n<meta property=\"og:type\" content=\"article\" \/>\n<meta property=\"og:title\" content=\"Assistez \u00e0 une r\u00e9p\u00e9tition de la com\u00e9die musicale sur Josu\u00e9 - BCC\" \/>\n<meta property=\"og:description\" content=\"Des com\u00e9diens b\u00e9n\u00e9voles de 8 \u00e0 80 ans sont en pleine pr\u00e9paration de la com\u00e9die musicale de cette ann\u00e9e qui sera jou\u00e9e lors de la conf\u00e9rence d\u2019\u00e9t\u00e9.\u00a0Elle portera sur Josu\u00e9, le h\u00e9ros de la foi.\u00a0\" \/>\n<meta property=\"og:url\" content=\"https:\/\/bcc.no\/fr\/assistez-a-une-repetition-de-la-comedie-musicale-sur-josue\/\" \/>\n<meta property=\"og:site_name\" content=\"BCC\" \/>\n<meta property=\"article:published_time\" content=\"2026-04-29T13:44:52+00:00\" \/>\n<meta property=\"og:image\" content=\"https:\/\/bcc.no\/wp-content\/uploads\/2026\/04\/DSC0004-scaled.jpg\" \/>\n\t<meta property=\"og:image:width\" content=\"2560\" \/>\n\t<meta property=\"og:image:height\" content=\"1708\" \/>\n\t<meta property=\"og:image:type\" content=\"image\/jpeg\" \/>\n<meta name=\"author\" content=\"Eva-Marie Mihai\" \/>\n<meta name=\"twitter:card\" content=\"summary_large_image\" \/>\n<meta name=\"twitter:label1\" content=\"\u00c9crit par\" \/>\n\t<meta name=\"twitter:data1\" content=\"Eva-Marie Mihai\" \/>\n\t<meta name=\"twitter:label2\" content=\"Dur\u00e9e de lecture estim\u00e9e\" \/>\n\t<meta name=\"twitter:data2\" content=\"4 minutes\" \/>\n<script type=\"application\/ld+json\" class=\"yoast-schema-graph\">{\"@context\":\"https:\\\/\\\/schema.org\",\"@graph\":[{\"@type\":\"Article\",\"@id\":\"https:\\\/\\\/bcc.no\\\/fr\\\/assistez-a-une-repetition-de-la-comedie-musicale-sur-josue\\\/#article\",\"isPartOf\":{\"@id\":\"https:\\\/\\\/bcc.no\\\/fr\\\/assistez-a-une-repetition-de-la-comedie-musicale-sur-josue\\\/\"},\"author\":{\"name\":\"Eva-Marie Mihai\",\"@id\":\"https:\\\/\\\/bcc.no\\\/fr\\\/#\\\/schema\\\/person\\\/bf985f2656dce2449d1e51cb087807c8\"},\"headline\":\"Assistez \u00e0 une r\u00e9p\u00e9tition de la com\u00e9die musicale sur Josu\u00e9\",\"datePublished\":\"2026-04-29T13:44:52+00:00\",\"mainEntityOfPage\":{\"@id\":\"https:\\\/\\\/bcc.no\\\/fr\\\/assistez-a-une-repetition-de-la-comedie-musicale-sur-josue\\\/\"},\"wordCount\":759,\"publisher\":{\"@id\":\"https:\\\/\\\/bcc.no\\\/fr\\\/#organization\"},\"image\":{\"@id\":\"https:\\\/\\\/bcc.no\\\/fr\\\/assistez-a-une-repetition-de-la-comedie-musicale-sur-josue\\\/#primaryimage\"},\"thumbnailUrl\":\"https:\\\/\\\/bcc.no\\\/wp-content\\\/uploads\\\/2026\\\/04\\\/DSC0004-scaled.jpg\",\"articleSection\":[\"Les enfants et les jeunes\"],\"inLanguage\":\"fr-FR\"},{\"@type\":\"WebPage\",\"@id\":\"https:\\\/\\\/bcc.no\\\/fr\\\/assistez-a-une-repetition-de-la-comedie-musicale-sur-josue\\\/\",\"url\":\"https:\\\/\\\/bcc.no\\\/fr\\\/assistez-a-une-repetition-de-la-comedie-musicale-sur-josue\\\/\",\"name\":\"Assistez \u00e0 une r\u00e9p\u00e9tition de la com\u00e9die musicale sur Josu\u00e9 - BCC\",\"isPartOf\":{\"@id\":\"https:\\\/\\\/bcc.no\\\/fr\\\/#website\"},\"primaryImageOfPage\":{\"@id\":\"https:\\\/\\\/bcc.no\\\/fr\\\/assistez-a-une-repetition-de-la-comedie-musicale-sur-josue\\\/#primaryimage\"},\"image\":{\"@id\":\"https:\\\/\\\/bcc.no\\\/fr\\\/assistez-a-une-repetition-de-la-comedie-musicale-sur-josue\\\/#primaryimage\"},\"thumbnailUrl\":\"https:\\\/\\\/bcc.no\\\/wp-content\\\/uploads\\\/2026\\\/04\\\/DSC0004-scaled.jpg\",\"datePublished\":\"2026-04-29T13:44:52+00:00\",\"breadcrumb\":{\"@id\":\"https:\\\/\\\/bcc.no\\\/fr\\\/assistez-a-une-repetition-de-la-comedie-musicale-sur-josue\\\/#breadcrumb\"},\"inLanguage\":\"fr-FR\",\"potentialAction\":[{\"@type\":\"ReadAction\",\"target\":[\"https:\\\/\\\/bcc.no\\\/fr\\\/assistez-a-une-repetition-de-la-comedie-musicale-sur-josue\\\/\"]}]},{\"@type\":\"ImageObject\",\"inLanguage\":\"fr-FR\",\"@id\":\"https:\\\/\\\/bcc.no\\\/fr\\\/assistez-a-une-repetition-de-la-comedie-musicale-sur-josue\\\/#primaryimage\",\"url\":\"https:\\\/\\\/bcc.no\\\/wp-content\\\/uploads\\\/2026\\\/04\\\/DSC0004-scaled.jpg\",\"contentUrl\":\"https:\\\/\\\/bcc.no\\\/wp-content\\\/uploads\\\/2026\\\/04\\\/DSC0004-scaled.jpg\",\"width\":2560,\"height\":1708},{\"@type\":\"WebSite\",\"@id\":\"https:\\\/\\\/bcc.no\\\/fr\\\/#website\",\"url\":\"https:\\\/\\\/bcc.no\\\/fr\\\/\",\"name\":\"BCC\",\"description\":\"et internasjonalt trossamfunn\",\"publisher\":{\"@id\":\"https:\\\/\\\/bcc.no\\\/fr\\\/#organization\"},\"potentialAction\":[{\"@type\":\"SearchAction\",\"target\":{\"@type\":\"EntryPoint\",\"urlTemplate\":\"https:\\\/\\\/bcc.no\\\/fr\\\/?s={search_term_string}\"},\"query-input\":{\"@type\":\"PropertyValueSpecification\",\"valueRequired\":true,\"valueName\":\"search_term_string\"}}],\"inLanguage\":\"fr-FR\"},{\"@type\":\"Organization\",\"@id\":\"https:\\\/\\\/bcc.no\\\/fr\\\/#organization\",\"name\":\"BCC\",\"url\":\"https:\\\/\\\/bcc.no\\\/fr\\\/\",\"logo\":{\"@type\":\"ImageObject\",\"inLanguage\":\"fr-FR\",\"@id\":\"https:\\\/\\\/bcc.no\\\/fr\\\/#\\\/schema\\\/logo\\\/image\\\/\",\"url\":\"https:\\\/\\\/bcc.no\\\/wp-content\\\/uploads\\\/2026\\\/04\\\/bcc_logo_full.svg\",\"contentUrl\":\"https:\\\/\\\/bcc.no\\\/wp-content\\\/uploads\\\/2026\\\/04\\\/bcc_logo_full.svg\",\"caption\":\"BCC\"},\"image\":{\"@id\":\"https:\\\/\\\/bcc.no\\\/fr\\\/#\\\/schema\\\/logo\\\/image\\\/\"}},{\"@type\":\"Person\",\"@id\":\"https:\\\/\\\/bcc.no\\\/fr\\\/#\\\/schema\\\/person\\\/bf985f2656dce2449d1e51cb087807c8\",\"name\":\"Eva-Marie Mihai\",\"image\":{\"@type\":\"ImageObject\",\"inLanguage\":\"fr-FR\",\"@id\":\"https:\\\/\\\/secure.gravatar.com\\\/avatar\\\/19ebbf1afa98a5e0c95c1e872a932bf3d6fd5b82831dfd353816a5f71d6a41c1?s=96&d=mm&r=g\",\"url\":\"https:\\\/\\\/secure.gravatar.com\\\/avatar\\\/19ebbf1afa98a5e0c95c1e872a932bf3d6fd5b82831dfd353816a5f71d6a41c1?s=96&d=mm&r=g\",\"contentUrl\":\"https:\\\/\\\/secure.gravatar.com\\\/avatar\\\/19ebbf1afa98a5e0c95c1e872a932bf3d6fd5b82831dfd353816a5f71d6a41c1?s=96&d=mm&r=g\",\"caption\":\"Eva-Marie Mihai\"},\"url\":\"https:\\\/\\\/bcc.no\\\/fr\\\/author\\\/18082\\\/\"}]}<\/script>\n<!-- \/ Yoast SEO plugin. -->","yoast_head_json":{"title":"Assistez \u00e0 une r\u00e9p\u00e9tition de la com\u00e9die musicale sur Josu\u00e9 - BCC","robots":{"index":"index","follow":"follow","max-snippet":"max-snippet:-1","max-image-preview":"max-image-preview:large","max-video-preview":"max-video-preview:-1"},"canonical":"https:\/\/bcc.no\/fr\/assistez-a-une-repetition-de-la-comedie-musicale-sur-josue\/","og_locale":"fr_FR","og_type":"article","og_title":"Assistez \u00e0 une r\u00e9p\u00e9tition de la com\u00e9die musicale sur Josu\u00e9 - BCC","og_description":"Des com\u00e9diens b\u00e9n\u00e9voles de 8 \u00e0 80 ans sont en pleine pr\u00e9paration de la com\u00e9die musicale de cette ann\u00e9e qui sera jou\u00e9e lors de la conf\u00e9rence d\u2019\u00e9t\u00e9.\u00a0Elle portera sur Josu\u00e9, le h\u00e9ros de la foi.\u00a0","og_url":"https:\/\/bcc.no\/fr\/assistez-a-une-repetition-de-la-comedie-musicale-sur-josue\/","og_site_name":"BCC","article_published_time":"2026-04-29T13:44:52+00:00","og_image":[{"width":2560,"height":1708,"url":"https:\/\/bcc.no\/wp-content\/uploads\/2026\/04\/DSC0004-scaled.jpg","type":"image\/jpeg"}],"author":"Eva-Marie Mihai","twitter_card":"summary_large_image","twitter_misc":{"\u00c9crit par":"Eva-Marie Mihai","Dur\u00e9e de lecture estim\u00e9e":"4 minutes"},"schema":{"@context":"https:\/\/schema.org","@graph":[{"@type":"Article","@id":"https:\/\/bcc.no\/fr\/assistez-a-une-repetition-de-la-comedie-musicale-sur-josue\/#article","isPartOf":{"@id":"https:\/\/bcc.no\/fr\/assistez-a-une-repetition-de-la-comedie-musicale-sur-josue\/"},"author":{"name":"Eva-Marie Mihai","@id":"https:\/\/bcc.no\/fr\/#\/schema\/person\/bf985f2656dce2449d1e51cb087807c8"},"headline":"Assistez \u00e0 une r\u00e9p\u00e9tition de la com\u00e9die musicale sur Josu\u00e9","datePublished":"2026-04-29T13:44:52+00:00","mainEntityOfPage":{"@id":"https:\/\/bcc.no\/fr\/assistez-a-une-repetition-de-la-comedie-musicale-sur-josue\/"},"wordCount":759,"publisher":{"@id":"https:\/\/bcc.no\/fr\/#organization"},"image":{"@id":"https:\/\/bcc.no\/fr\/assistez-a-une-repetition-de-la-comedie-musicale-sur-josue\/#primaryimage"},"thumbnailUrl":"https:\/\/bcc.no\/wp-content\/uploads\/2026\/04\/DSC0004-scaled.jpg","articleSection":["Les enfants et les jeunes"],"inLanguage":"fr-FR"},{"@type":"WebPage","@id":"https:\/\/bcc.no\/fr\/assistez-a-une-repetition-de-la-comedie-musicale-sur-josue\/","url":"https:\/\/bcc.no\/fr\/assistez-a-une-repetition-de-la-comedie-musicale-sur-josue\/","name":"Assistez \u00e0 une r\u00e9p\u00e9tition de la com\u00e9die musicale sur Josu\u00e9 - BCC","isPartOf":{"@id":"https:\/\/bcc.no\/fr\/#website"},"primaryImageOfPage":{"@id":"https:\/\/bcc.no\/fr\/assistez-a-une-repetition-de-la-comedie-musicale-sur-josue\/#primaryimage"},"image":{"@id":"https:\/\/bcc.no\/fr\/assistez-a-une-repetition-de-la-comedie-musicale-sur-josue\/#primaryimage"},"thumbnailUrl":"https:\/\/bcc.no\/wp-content\/uploads\/2026\/04\/DSC0004-scaled.jpg","datePublished":"2026-04-29T13:44:52+00:00","breadcrumb":{"@id":"https:\/\/bcc.no\/fr\/assistez-a-une-repetition-de-la-comedie-musicale-sur-josue\/#breadcrumb"},"inLanguage":"fr-FR","potentialAction":[{"@type":"ReadAction","target":["https:\/\/bcc.no\/fr\/assistez-a-une-repetition-de-la-comedie-musicale-sur-josue\/"]}]},{"@type":"ImageObject","inLanguage":"fr-FR","@id":"https:\/\/bcc.no\/fr\/assistez-a-une-repetition-de-la-comedie-musicale-sur-josue\/#primaryimage","url":"https:\/\/bcc.no\/wp-content\/uploads\/2026\/04\/DSC0004-scaled.jpg","contentUrl":"https:\/\/bcc.no\/wp-content\/uploads\/2026\/04\/DSC0004-scaled.jpg","width":2560,"height":1708},{"@type":"WebSite","@id":"https:\/\/bcc.no\/fr\/#website","url":"https:\/\/bcc.no\/fr\/","name":"BCC","description":"et internasjonalt trossamfunn","publisher":{"@id":"https:\/\/bcc.no\/fr\/#organization"},"potentialAction":[{"@type":"SearchAction","target":{"@type":"EntryPoint","urlTemplate":"https:\/\/bcc.no\/fr\/?s={search_term_string}"},"query-input":{"@type":"PropertyValueSpecification","valueRequired":true,"valueName":"search_term_string"}}],"inLanguage":"fr-FR"},{"@type":"Organization","@id":"https:\/\/bcc.no\/fr\/#organization","name":"BCC","url":"https:\/\/bcc.no\/fr\/","logo":{"@type":"ImageObject","inLanguage":"fr-FR","@id":"https:\/\/bcc.no\/fr\/#\/schema\/logo\/image\/","url":"https:\/\/bcc.no\/wp-content\/uploads\/2026\/04\/bcc_logo_full.svg","contentUrl":"https:\/\/bcc.no\/wp-content\/uploads\/2026\/04\/bcc_logo_full.svg","caption":"BCC"},"image":{"@id":"https:\/\/bcc.no\/fr\/#\/schema\/logo\/image\/"}},{"@type":"Person","@id":"https:\/\/bcc.no\/fr\/#\/schema\/person\/bf985f2656dce2449d1e51cb087807c8","name":"Eva-Marie Mihai","image":{"@type":"ImageObject","inLanguage":"fr-FR","@id":"https:\/\/secure.gravatar.com\/avatar\/19ebbf1afa98a5e0c95c1e872a932bf3d6fd5b82831dfd353816a5f71d6a41c1?s=96&d=mm&r=g","url":"https:\/\/secure.gravatar.com\/avatar\/19ebbf1afa98a5e0c95c1e872a932bf3d6fd5b82831dfd353816a5f71d6a41c1?s=96&d=mm&r=g","contentUrl":"https:\/\/secure.gravatar.com\/avatar\/19ebbf1afa98a5e0c95c1e872a932bf3d6fd5b82831dfd353816a5f71d6a41c1?s=96&d=mm&r=g","caption":"Eva-Marie Mihai"},"url":"https:\/\/bcc.no\/fr\/author\/18082\/"}]}},"uagb_featured_image_src":{"full":["https:\/\/bcc.no\/wp-content\/uploads\/2026\/04\/DSC0004-scaled.jpg",2560,1708,false],"thumbnail":["https:\/\/bcc.no\/wp-content\/uploads\/2026\/04\/DSC0004-150x150.jpg",150,150,true],"medium":["https:\/\/bcc.no\/wp-content\/uploads\/2026\/04\/DSC0004-300x200.jpg",300,200,true],"medium_large":["https:\/\/bcc.no\/wp-content\/uploads\/2026\/04\/DSC0004-768x512.jpg",640,427,true],"large":["https:\/\/bcc.no\/wp-content\/uploads\/2026\/04\/DSC0004-1024x683.jpg",640,427,true],"1536x1536":["https:\/\/bcc.no\/wp-content\/uploads\/2026\/04\/DSC0004-1536x1025.jpg",1536,1025,true],"2048x2048":["https:\/\/bcc.no\/wp-content\/uploads\/2026\/04\/DSC0004-2048x1366.jpg",2048,1366,true]},"uagb_author_info":{"display_name":"Eva-Marie Mihai","author_link":"https:\/\/bcc.no\/fr\/author\/18082\/"},"uagb_comment_info":0,"uagb_excerpt":"Des com\u00e9diens b\u00e9n\u00e9voles de 8 \u00e0 80 ans sont en pleine pr\u00e9paration de la com\u00e9die musicale de cette ann\u00e9e qui sera jou\u00e9e lors de la conf\u00e9rence d\u2019\u00e9t\u00e9.\u00a0Elle portera sur Josu\u00e9, le h\u00e9ros de la foi.\u00a0","_links":{"self":[{"href":"https:\/\/bcc.no\/fr\/wp-json\/wp\/v2\/posts\/147694","targetHints":{"allow":["GET"]}}],"collection":[{"href":"https:\/\/bcc.no\/fr\/wp-json\/wp\/v2\/posts"}],"about":[{"href":"https:\/\/bcc.no\/fr\/wp-json\/wp\/v2\/types\/post"}],"author":[{"embeddable":true,"href":"https:\/\/bcc.no\/fr\/wp-json\/wp\/v2\/users\/24"}],"replies":[{"embeddable":true,"href":"https:\/\/bcc.no\/fr\/wp-json\/wp\/v2\/comments?post=147694"}],"version-history":[{"count":1,"href":"https:\/\/bcc.no\/fr\/wp-json\/wp\/v2\/posts\/147694\/revisions"}],"predecessor-version":[{"id":147696,"href":"https:\/\/bcc.no\/fr\/wp-json\/wp\/v2\/posts\/147694\/revisions\/147696"}],"wp:featuredmedia":[{"embeddable":true,"href":"https:\/\/bcc.no\/fr\/wp-json\/wp\/v2\/media\/147617"}],"wp:attachment":[{"href":"https:\/\/bcc.no\/fr\/wp-json\/wp\/v2\/media?parent=147694"}],"wp:term":[{"taxonomy":"category","embeddable":true,"href":"https:\/\/bcc.no\/fr\/wp-json\/wp\/v2\/categories?post=147694"},{"taxonomy":"post_tag","embeddable":true,"href":"https:\/\/bcc.no\/fr\/wp-json\/wp\/v2\/tags?post=147694"}],"curies":[{"name":"wp","href":"https:\/\/api.w.org\/{rel}","templated":true}]}}