{"id":144864,"date":"2026-02-17T14:35:05","date_gmt":"2026-02-17T13:35:05","guid":{"rendered":"https:\/\/bcc.no\/le-week-end-du-benevolat-a-rassemble-des-participants-engages\/"},"modified":"2026-02-17T18:06:24","modified_gmt":"2026-02-17T17:06:24","slug":"le-week-end-du-benevolat-a-rassemble-des-participants-engages","status":"publish","type":"post","link":"https:\/\/bcc.no\/fr\/le-week-end-du-benevolat-a-rassemble-des-participants-engages\/","title":{"rendered":"Le week-end du b\u00e9n\u00e9volat a rassembl\u00e9 des participants engag\u00e9s"},"content":{"rendered":"\n<p>Ces derni\u00e8res ann\u00e9es, les week-ends consacr\u00e9s au b\u00e9n\u00e9volat sont devenus un lieu de rencontre o\u00f9 les organes et organisations cl\u00e9s peuvent travailler de mani\u00e8re cibl\u00e9e sur leurs propres projets, r\u00e9alisations et objectifs. Gr\u00e2ce \u00e0 des cours, des ateliers et des \u00e9changes d&rsquo;exp\u00e9riences, les participants acqui\u00e8rent des outils utiles pour leur travail b\u00e9n\u00e9vole.<\/p>\n\n\n\n<figure class=\"wp-block-gallery has-nested-images columns-default is-cropped wp-block-gallery-1 is-layout-flex wp-block-gallery-is-layout-flex\">\n<figure class=\"wp-block-image size-large\"><img loading=\"lazy\" decoding=\"async\" width=\"1024\" height=\"683\" data-id=\"144728\" src=\"https:\/\/bcc.no\/wp-content\/uploads\/2026\/02\/2026_Frivillighetshelg_Halvarswebinar-22-1024x683.jpg\" alt=\"\" class=\"wp-image-144728\"\/><figcaption class=\"wp-element-caption\"><br><br>Webinaire semestriel : Kristian Smith a donn\u00e9 des informations sur la prochaine collecte missionnaire. Photo : BCC<\/figcaption><\/figure>\n\n\n\n<figure class=\"wp-block-image size-large\"><img loading=\"lazy\" decoding=\"async\" width=\"1024\" height=\"683\" data-id=\"144723\" src=\"https:\/\/bcc.no\/wp-content\/uploads\/2026\/02\/2026_Frivillighetshelg_Halvarswebinar-18-1024x683.jpg\" alt=\"\" class=\"wp-image-144723\"\/><figcaption class=\"wp-element-caption\"><br><br>Anne Lea Nielsen a donn\u00e9 des conseils utiles sur le portail des membres bcc.no et a encourag\u00e9 les membres \u00e0 faire part de leurs suggestions d&rsquo;am\u00e9lioration. Photo : BCC<br><\/figcaption><\/figure>\n\n\n\n<figure class=\"wp-block-image size-large\"><img loading=\"lazy\" decoding=\"async\" width=\"1024\" height=\"683\" data-id=\"144713\" src=\"https:\/\/bcc.no\/wp-content\/uploads\/2026\/02\/2026_Frivillighetshelg_Halvarswebinar-30-1024x683.jpg\" alt=\"\" class=\"wp-image-144713\"\/><figcaption class=\"wp-element-caption\"><br><br>Robin Fuglset et Marius Log ont pr\u00e9sent\u00e9 l&rsquo;action destin\u00e9e aux jeunes : BUK unboxing. Photo : BCC<\/figcaption><\/figure>\n\n\n\n<figure class=\"wp-block-image size-large\"><img loading=\"lazy\" decoding=\"async\" width=\"1024\" height=\"683\" data-id=\"144708\" src=\"https:\/\/bcc.no\/wp-content\/uploads\/2026\/02\/2026_Frivillighetshelg_Halvarswebinar-36-1024x683.jpg\" alt=\"\" class=\"wp-image-144708\"\/><figcaption class=\"wp-element-caption\"><br><br>Miriam Hartje Oommen a donn\u00e9 un aper\u00e7u des chiffres relatifs au travail b\u00e9n\u00e9vole lors des \u00e9v\u00e9nements. Photo : BCC<\/figcaption><\/figure>\n\n\n\n<figure class=\"wp-block-image size-large\"><img loading=\"lazy\" decoding=\"async\" width=\"1024\" height=\"683\" data-id=\"144759\" src=\"https:\/\/bcc.no\/wp-content\/uploads\/2026\/02\/2026_Frivillighetshelg_Workshops-43-1024x683.jpg\" alt=\"\" class=\"wp-image-144759\"\/><figcaption class=\"wp-element-caption\">Ces derni\u00e8res ann\u00e9es, les week-ends de b\u00e9n\u00e9volat sont devenus un lieu de formation, ici pour l&rsquo;\u00e9quipe m\u00e9dicale. Photo : BCC<\/figcaption><\/figure>\n\n\n\n<figure class=\"wp-block-image size-large\"><img loading=\"lazy\" decoding=\"async\" width=\"1024\" height=\"683\" data-id=\"144769\" src=\"https:\/\/bcc.no\/wp-content\/uploads\/2026\/02\/2026_Frivillighetshelg_Workshops-30-1024x683.jpg\" alt=\"\" class=\"wp-image-144769\"\/><figcaption class=\"wp-element-caption\">Gr\u00e2ce \u00e0 des cours, des ateliers et des \u00e9changes d&rsquo;exp\u00e9riences, les participants acqui\u00e8rent des outils utiles pour leur travail b\u00e9n\u00e9vole. Photo : BCC<\/figcaption><\/figure>\n\n\n\n<figure class=\"wp-block-image size-large\"><img loading=\"lazy\" decoding=\"async\" width=\"1024\" height=\"683\" data-id=\"144764\" src=\"https:\/\/bcc.no\/wp-content\/uploads\/2026\/02\/2026_Frivillighetshelg_Workshops-42-1024x683.jpg\" alt=\"\" class=\"wp-image-144764\"\/><figcaption class=\"wp-element-caption\">Des secouristes b\u00e9n\u00e9voles se sont entra\u00een\u00e9s \u00e0 intervenir lors d&rsquo;incidents graves. Photo : BCC<\/figcaption><\/figure>\n\n\n\n<figure class=\"wp-block-image size-large\"><img loading=\"lazy\" decoding=\"async\" width=\"1024\" height=\"683\" data-id=\"144744\" src=\"https:\/\/bcc.no\/wp-content\/uploads\/2026\/02\/2026_Frivillighetshelg_Brunstadmagasinet-1024x683.jpg\" alt=\"\" class=\"wp-image-144744\"\/><figcaption class=\"wp-element-caption\">Samedi soir, l&rsquo;\u00e9mission Le Magazine \u00e9tait au programme. Photo : BCC<\/figcaption><\/figure>\n\n\n\n<figure class=\"wp-block-image size-large\"><img loading=\"lazy\" decoding=\"async\" width=\"1024\" height=\"683\" data-id=\"144734\" src=\"https:\/\/bcc.no\/wp-content\/uploads\/2026\/02\/2026_Frivillighetshelg_Brunstadmagasinet-37-1024x683.jpg\" alt=\"\" class=\"wp-image-144734\"\/><figcaption class=\"wp-element-caption\">Bj\u00f8rn Nilsen et Jermund Pedersen \u00e9taient les invit\u00e9s du Magazine. Photo : BCC<\/figcaption><\/figure>\n\n\n\n<figure class=\"wp-block-image size-large\"><img loading=\"lazy\" decoding=\"async\" width=\"1024\" height=\"683\" data-id=\"144809\" src=\"https:\/\/bcc.no\/wp-content\/uploads\/2026\/02\/2026_Frivillighetshelg_Brunstadmagasinet-32-1-1024x683.jpg\" alt=\"\" class=\"wp-image-144809\"\/><figcaption class=\"wp-element-caption\">Bj\u00f8rn a racont\u00e9 l&rsquo;histoire d&rsquo;une myst\u00e9rieuse bo\u00eete BUK dont il avait \u00e9t\u00e9 charg\u00e9 de s&rsquo;occuper.<\/figcaption><\/figure>\n\n\n\n<figure class=\"wp-block-image size-large\"><img loading=\"lazy\" decoding=\"async\" width=\"1024\" height=\"683\" data-id=\"144774\" src=\"https:\/\/bcc.no\/wp-content\/uploads\/2026\/02\/2026_Frivillighetshelg_Live-Music-1-1024x683.jpg\" alt=\"\" class=\"wp-image-144774\"\/><figcaption class=\"wp-element-caption\">Les musiciens ont cr\u00e9\u00e9 une bonne ambiance avec leur musique live tout au long de la soir\u00e9e.<\/figcaption><\/figure>\n\n\n\n<figure class=\"wp-block-image size-large\"><img loading=\"lazy\" decoding=\"async\" width=\"1024\" height=\"683\" data-id=\"144819\" src=\"https:\/\/bcc.no\/wp-content\/uploads\/2026\/02\/2026_Frivillighetshelg_Middag-6-1024x683.jpg\" alt=\"\" class=\"wp-image-144819\"\/><figcaption class=\"wp-element-caption\">Pendant les pauses, les participants ont profit\u00e9 de l&rsquo;occasion pour \u00e9changer leurs exp\u00e9riences et leurs id\u00e9es.<\/figcaption><\/figure>\n<\/figure>\n\n\n\n<p>Le week-end a commenc\u00e9 par une r\u00e9union commune dans la salle pl\u00e9ni\u00e8re, avec des informations sur ce semestre. Cette partie a \u00e9galement \u00e9t\u00e9 diffus\u00e9e en streaming afin que les responsables et les personnes cl\u00e9s de toutes les assembl\u00e9es locales puissent en profiter, m\u00eame s&rsquo;ils n&rsquo;\u00e9taient pas physiquement pr\u00e9sents.<\/p>\n\n\n\n<p>Samedi soir, l&rsquo;\u00e9mission Le Magazine \u00e9tait au programme. Les personnes pr\u00e9sentes \u00e0 Brunstad ont particip\u00e9 dans la salle pl\u00e9ni\u00e8re, tandis que les membres du monde entier ont pu suivre le programme en streaming.<\/p>\n\n\n\n","protected":false},"excerpt":{"rendered":"<p>Environ 300 b\u00e9n\u00e9voles de plusieurs pays se sont r\u00e9unis pour un week-end de b\u00e9n\u00e9volat \u00e0 la mi-f\u00e9vrier. Tout \u00e9tait r\u00e9uni pour favoriser l&rsquo;inspiration, l&rsquo;enrichissement professionnel et la collaboration entre les diff\u00e9rents domaines et les assembl\u00e9es locales.<\/p>\n","protected":false},"author":24,"featured_media":144754,"comment_status":"closed","ping_status":"closed","sticky":false,"template":"","format":"standard","meta":{"_acf_changed":false,"inline_featured_image":false,"_uag_custom_page_level_css":"","bcc_login_visibility":0,"bcc_groups":[],"bcc_groups_email":true,"bcc_visibility_groups":[],"bcc_visibility_groups_email":false,"sent_notifications":[],"footnotes":"","_links_to":"","_links_to_target":""},"categories":[2497],"tags":[],"class_list":["post-144864","post","type-post","status-publish","format-standard","has-post-thumbnail","hentry","category-informations-fr"],"acf":{"rss_image":null},"featured_image_src":"https:\/\/bcc.no\/wp-content\/uploads\/2026\/02\/2026_Frivillighetshelg_Workshops-20-scaled.jpg","author_info":{"display_name":"Eva-Marie Mihai","author_link":"https:\/\/bcc.no\/fr\/author\/18082\/"},"yoast_head":"<!-- This site is optimized with the Yoast SEO plugin v27.4 - https:\/\/yoast.com\/product\/yoast-seo-wordpress\/ -->\n<title>Le week-end du b\u00e9n\u00e9volat a rassembl\u00e9 des participants engag\u00e9s - BCC<\/title>\n<meta name=\"robots\" content=\"index, follow, max-snippet:-1, max-image-preview:large, max-video-preview:-1\" \/>\n<link rel=\"canonical\" href=\"https:\/\/bcc.no\/fr\/le-week-end-du-benevolat-a-rassemble-des-participants-engages\/\" \/>\n<meta property=\"og:locale\" content=\"fr_FR\" \/>\n<meta property=\"og:type\" content=\"article\" \/>\n<meta property=\"og:title\" content=\"Le week-end du b\u00e9n\u00e9volat a rassembl\u00e9 des participants engag\u00e9s - BCC\" \/>\n<meta property=\"og:description\" content=\"Environ 300 b\u00e9n\u00e9voles de plusieurs pays se sont r\u00e9unis pour un week-end de b\u00e9n\u00e9volat \u00e0 la mi-f\u00e9vrier. Tout \u00e9tait r\u00e9uni pour favoriser l&#039;inspiration, l&#039;enrichissement professionnel et la collaboration entre les diff\u00e9rents domaines et les assembl\u00e9es locales.\" \/>\n<meta property=\"og:url\" content=\"https:\/\/bcc.no\/fr\/le-week-end-du-benevolat-a-rassemble-des-participants-engages\/\" \/>\n<meta property=\"og:site_name\" content=\"BCC\" \/>\n<meta property=\"article:published_time\" content=\"2026-02-17T13:35:05+00:00\" \/>\n<meta property=\"article:modified_time\" content=\"2026-02-17T17:06:24+00:00\" \/>\n<meta property=\"og:image\" content=\"https:\/\/bcc.no\/wp-content\/uploads\/2026\/02\/2026_Frivillighetshelg_Workshops-20-scaled.jpg\" \/>\n\t<meta property=\"og:image:width\" content=\"2560\" \/>\n\t<meta property=\"og:image:height\" content=\"1707\" \/>\n\t<meta property=\"og:image:type\" content=\"image\/jpeg\" \/>\n<meta name=\"author\" content=\"Eva-Marie Mihai\" \/>\n<meta name=\"twitter:card\" content=\"summary_large_image\" \/>\n<meta name=\"twitter:label1\" content=\"\u00c9crit par\" \/>\n\t<meta name=\"twitter:data1\" content=\"Eva-Marie Mihai\" \/>\n\t<meta name=\"twitter:label2\" content=\"Dur\u00e9e de lecture estim\u00e9e\" \/>\n\t<meta name=\"twitter:data2\" content=\"2 minutes\" \/>\n<script type=\"application\/ld+json\" class=\"yoast-schema-graph\">{\"@context\":\"https:\\\/\\\/schema.org\",\"@graph\":[{\"@type\":\"Article\",\"@id\":\"https:\\\/\\\/bcc.no\\\/fr\\\/le-week-end-du-benevolat-a-rassemble-des-participants-engages\\\/#article\",\"isPartOf\":{\"@id\":\"https:\\\/\\\/bcc.no\\\/fr\\\/le-week-end-du-benevolat-a-rassemble-des-participants-engages\\\/\"},\"author\":{\"name\":\"Eva-Marie Mihai\",\"@id\":\"https:\\\/\\\/bcc.no\\\/fr\\\/#\\\/schema\\\/person\\\/bf985f2656dce2449d1e51cb087807c8\"},\"headline\":\"Le week-end du b\u00e9n\u00e9volat a rassembl\u00e9 des participants engag\u00e9s\",\"datePublished\":\"2026-02-17T13:35:05+00:00\",\"dateModified\":\"2026-02-17T17:06:24+00:00\",\"mainEntityOfPage\":{\"@id\":\"https:\\\/\\\/bcc.no\\\/fr\\\/le-week-end-du-benevolat-a-rassemble-des-participants-engages\\\/\"},\"wordCount\":416,\"publisher\":{\"@id\":\"https:\\\/\\\/bcc.no\\\/fr\\\/#organization\"},\"image\":{\"@id\":\"https:\\\/\\\/bcc.no\\\/fr\\\/le-week-end-du-benevolat-a-rassemble-des-participants-engages\\\/#primaryimage\"},\"thumbnailUrl\":\"https:\\\/\\\/bcc.no\\\/wp-content\\\/uploads\\\/2026\\\/02\\\/2026_Frivillighetshelg_Workshops-20-scaled.jpg\",\"articleSection\":[\"Informations\"],\"inLanguage\":\"fr-FR\"},{\"@type\":\"WebPage\",\"@id\":\"https:\\\/\\\/bcc.no\\\/fr\\\/le-week-end-du-benevolat-a-rassemble-des-participants-engages\\\/\",\"url\":\"https:\\\/\\\/bcc.no\\\/fr\\\/le-week-end-du-benevolat-a-rassemble-des-participants-engages\\\/\",\"name\":\"Le week-end du b\u00e9n\u00e9volat a rassembl\u00e9 des participants engag\u00e9s - BCC\",\"isPartOf\":{\"@id\":\"https:\\\/\\\/bcc.no\\\/fr\\\/#website\"},\"primaryImageOfPage\":{\"@id\":\"https:\\\/\\\/bcc.no\\\/fr\\\/le-week-end-du-benevolat-a-rassemble-des-participants-engages\\\/#primaryimage\"},\"image\":{\"@id\":\"https:\\\/\\\/bcc.no\\\/fr\\\/le-week-end-du-benevolat-a-rassemble-des-participants-engages\\\/#primaryimage\"},\"thumbnailUrl\":\"https:\\\/\\\/bcc.no\\\/wp-content\\\/uploads\\\/2026\\\/02\\\/2026_Frivillighetshelg_Workshops-20-scaled.jpg\",\"datePublished\":\"2026-02-17T13:35:05+00:00\",\"dateModified\":\"2026-02-17T17:06:24+00:00\",\"breadcrumb\":{\"@id\":\"https:\\\/\\\/bcc.no\\\/fr\\\/le-week-end-du-benevolat-a-rassemble-des-participants-engages\\\/#breadcrumb\"},\"inLanguage\":\"fr-FR\",\"potentialAction\":[{\"@type\":\"ReadAction\",\"target\":[\"https:\\\/\\\/bcc.no\\\/fr\\\/le-week-end-du-benevolat-a-rassemble-des-participants-engages\\\/\"]}]},{\"@type\":\"ImageObject\",\"inLanguage\":\"fr-FR\",\"@id\":\"https:\\\/\\\/bcc.no\\\/fr\\\/le-week-end-du-benevolat-a-rassemble-des-participants-engages\\\/#primaryimage\",\"url\":\"https:\\\/\\\/bcc.no\\\/wp-content\\\/uploads\\\/2026\\\/02\\\/2026_Frivillighetshelg_Workshops-20-scaled.jpg\",\"contentUrl\":\"https:\\\/\\\/bcc.no\\\/wp-content\\\/uploads\\\/2026\\\/02\\\/2026_Frivillighetshelg_Workshops-20-scaled.jpg\",\"width\":2560,\"height\":1707,\"caption\":\"Rundt 300 frivillige fra flere land var samlet til frivillighetshelg i midten av februar.\"},{\"@type\":\"WebSite\",\"@id\":\"https:\\\/\\\/bcc.no\\\/fr\\\/#website\",\"url\":\"https:\\\/\\\/bcc.no\\\/fr\\\/\",\"name\":\"BCC\",\"description\":\"et internasjonalt trossamfunn\",\"publisher\":{\"@id\":\"https:\\\/\\\/bcc.no\\\/fr\\\/#organization\"},\"potentialAction\":[{\"@type\":\"SearchAction\",\"target\":{\"@type\":\"EntryPoint\",\"urlTemplate\":\"https:\\\/\\\/bcc.no\\\/fr\\\/?s={search_term_string}\"},\"query-input\":{\"@type\":\"PropertyValueSpecification\",\"valueRequired\":true,\"valueName\":\"search_term_string\"}}],\"inLanguage\":\"fr-FR\"},{\"@type\":\"Organization\",\"@id\":\"https:\\\/\\\/bcc.no\\\/fr\\\/#organization\",\"name\":\"BCC\",\"url\":\"https:\\\/\\\/bcc.no\\\/fr\\\/\",\"logo\":{\"@type\":\"ImageObject\",\"inLanguage\":\"fr-FR\",\"@id\":\"https:\\\/\\\/bcc.no\\\/fr\\\/#\\\/schema\\\/logo\\\/image\\\/\",\"url\":\"https:\\\/\\\/bcc.no\\\/wp-content\\\/uploads\\\/2026\\\/04\\\/bcc_logo_full.svg\",\"contentUrl\":\"https:\\\/\\\/bcc.no\\\/wp-content\\\/uploads\\\/2026\\\/04\\\/bcc_logo_full.svg\",\"caption\":\"BCC\"},\"image\":{\"@id\":\"https:\\\/\\\/bcc.no\\\/fr\\\/#\\\/schema\\\/logo\\\/image\\\/\"}},{\"@type\":\"Person\",\"@id\":\"https:\\\/\\\/bcc.no\\\/fr\\\/#\\\/schema\\\/person\\\/bf985f2656dce2449d1e51cb087807c8\",\"name\":\"Eva-Marie Mihai\",\"image\":{\"@type\":\"ImageObject\",\"inLanguage\":\"fr-FR\",\"@id\":\"https:\\\/\\\/secure.gravatar.com\\\/avatar\\\/19ebbf1afa98a5e0c95c1e872a932bf3d6fd5b82831dfd353816a5f71d6a41c1?s=96&d=mm&r=g\",\"url\":\"https:\\\/\\\/secure.gravatar.com\\\/avatar\\\/19ebbf1afa98a5e0c95c1e872a932bf3d6fd5b82831dfd353816a5f71d6a41c1?s=96&d=mm&r=g\",\"contentUrl\":\"https:\\\/\\\/secure.gravatar.com\\\/avatar\\\/19ebbf1afa98a5e0c95c1e872a932bf3d6fd5b82831dfd353816a5f71d6a41c1?s=96&d=mm&r=g\",\"caption\":\"Eva-Marie Mihai\"},\"url\":\"https:\\\/\\\/bcc.no\\\/fr\\\/author\\\/18082\\\/\"}]}<\/script>\n<!-- \/ Yoast SEO plugin. -->","yoast_head_json":{"title":"Le week-end du b\u00e9n\u00e9volat a rassembl\u00e9 des participants engag\u00e9s - BCC","robots":{"index":"index","follow":"follow","max-snippet":"max-snippet:-1","max-image-preview":"max-image-preview:large","max-video-preview":"max-video-preview:-1"},"canonical":"https:\/\/bcc.no\/fr\/le-week-end-du-benevolat-a-rassemble-des-participants-engages\/","og_locale":"fr_FR","og_type":"article","og_title":"Le week-end du b\u00e9n\u00e9volat a rassembl\u00e9 des participants engag\u00e9s - BCC","og_description":"Environ 300 b\u00e9n\u00e9voles de plusieurs pays se sont r\u00e9unis pour un week-end de b\u00e9n\u00e9volat \u00e0 la mi-f\u00e9vrier. Tout \u00e9tait r\u00e9uni pour favoriser l'inspiration, l'enrichissement professionnel et la collaboration entre les diff\u00e9rents domaines et les assembl\u00e9es locales.","og_url":"https:\/\/bcc.no\/fr\/le-week-end-du-benevolat-a-rassemble-des-participants-engages\/","og_site_name":"BCC","article_published_time":"2026-02-17T13:35:05+00:00","article_modified_time":"2026-02-17T17:06:24+00:00","og_image":[{"width":2560,"height":1707,"url":"https:\/\/bcc.no\/wp-content\/uploads\/2026\/02\/2026_Frivillighetshelg_Workshops-20-scaled.jpg","type":"image\/jpeg"}],"author":"Eva-Marie Mihai","twitter_card":"summary_large_image","twitter_misc":{"\u00c9crit par":"Eva-Marie Mihai","Dur\u00e9e de lecture estim\u00e9e":"2 minutes"},"schema":{"@context":"https:\/\/schema.org","@graph":[{"@type":"Article","@id":"https:\/\/bcc.no\/fr\/le-week-end-du-benevolat-a-rassemble-des-participants-engages\/#article","isPartOf":{"@id":"https:\/\/bcc.no\/fr\/le-week-end-du-benevolat-a-rassemble-des-participants-engages\/"},"author":{"name":"Eva-Marie Mihai","@id":"https:\/\/bcc.no\/fr\/#\/schema\/person\/bf985f2656dce2449d1e51cb087807c8"},"headline":"Le week-end du b\u00e9n\u00e9volat a rassembl\u00e9 des participants engag\u00e9s","datePublished":"2026-02-17T13:35:05+00:00","dateModified":"2026-02-17T17:06:24+00:00","mainEntityOfPage":{"@id":"https:\/\/bcc.no\/fr\/le-week-end-du-benevolat-a-rassemble-des-participants-engages\/"},"wordCount":416,"publisher":{"@id":"https:\/\/bcc.no\/fr\/#organization"},"image":{"@id":"https:\/\/bcc.no\/fr\/le-week-end-du-benevolat-a-rassemble-des-participants-engages\/#primaryimage"},"thumbnailUrl":"https:\/\/bcc.no\/wp-content\/uploads\/2026\/02\/2026_Frivillighetshelg_Workshops-20-scaled.jpg","articleSection":["Informations"],"inLanguage":"fr-FR"},{"@type":"WebPage","@id":"https:\/\/bcc.no\/fr\/le-week-end-du-benevolat-a-rassemble-des-participants-engages\/","url":"https:\/\/bcc.no\/fr\/le-week-end-du-benevolat-a-rassemble-des-participants-engages\/","name":"Le week-end du b\u00e9n\u00e9volat a rassembl\u00e9 des participants engag\u00e9s - BCC","isPartOf":{"@id":"https:\/\/bcc.no\/fr\/#website"},"primaryImageOfPage":{"@id":"https:\/\/bcc.no\/fr\/le-week-end-du-benevolat-a-rassemble-des-participants-engages\/#primaryimage"},"image":{"@id":"https:\/\/bcc.no\/fr\/le-week-end-du-benevolat-a-rassemble-des-participants-engages\/#primaryimage"},"thumbnailUrl":"https:\/\/bcc.no\/wp-content\/uploads\/2026\/02\/2026_Frivillighetshelg_Workshops-20-scaled.jpg","datePublished":"2026-02-17T13:35:05+00:00","dateModified":"2026-02-17T17:06:24+00:00","breadcrumb":{"@id":"https:\/\/bcc.no\/fr\/le-week-end-du-benevolat-a-rassemble-des-participants-engages\/#breadcrumb"},"inLanguage":"fr-FR","potentialAction":[{"@type":"ReadAction","target":["https:\/\/bcc.no\/fr\/le-week-end-du-benevolat-a-rassemble-des-participants-engages\/"]}]},{"@type":"ImageObject","inLanguage":"fr-FR","@id":"https:\/\/bcc.no\/fr\/le-week-end-du-benevolat-a-rassemble-des-participants-engages\/#primaryimage","url":"https:\/\/bcc.no\/wp-content\/uploads\/2026\/02\/2026_Frivillighetshelg_Workshops-20-scaled.jpg","contentUrl":"https:\/\/bcc.no\/wp-content\/uploads\/2026\/02\/2026_Frivillighetshelg_Workshops-20-scaled.jpg","width":2560,"height":1707,"caption":"Rundt 300 frivillige fra flere land var samlet til frivillighetshelg i midten av februar."},{"@type":"WebSite","@id":"https:\/\/bcc.no\/fr\/#website","url":"https:\/\/bcc.no\/fr\/","name":"BCC","description":"et internasjonalt trossamfunn","publisher":{"@id":"https:\/\/bcc.no\/fr\/#organization"},"potentialAction":[{"@type":"SearchAction","target":{"@type":"EntryPoint","urlTemplate":"https:\/\/bcc.no\/fr\/?s={search_term_string}"},"query-input":{"@type":"PropertyValueSpecification","valueRequired":true,"valueName":"search_term_string"}}],"inLanguage":"fr-FR"},{"@type":"Organization","@id":"https:\/\/bcc.no\/fr\/#organization","name":"BCC","url":"https:\/\/bcc.no\/fr\/","logo":{"@type":"ImageObject","inLanguage":"fr-FR","@id":"https:\/\/bcc.no\/fr\/#\/schema\/logo\/image\/","url":"https:\/\/bcc.no\/wp-content\/uploads\/2026\/04\/bcc_logo_full.svg","contentUrl":"https:\/\/bcc.no\/wp-content\/uploads\/2026\/04\/bcc_logo_full.svg","caption":"BCC"},"image":{"@id":"https:\/\/bcc.no\/fr\/#\/schema\/logo\/image\/"}},{"@type":"Person","@id":"https:\/\/bcc.no\/fr\/#\/schema\/person\/bf985f2656dce2449d1e51cb087807c8","name":"Eva-Marie Mihai","image":{"@type":"ImageObject","inLanguage":"fr-FR","@id":"https:\/\/secure.gravatar.com\/avatar\/19ebbf1afa98a5e0c95c1e872a932bf3d6fd5b82831dfd353816a5f71d6a41c1?s=96&d=mm&r=g","url":"https:\/\/secure.gravatar.com\/avatar\/19ebbf1afa98a5e0c95c1e872a932bf3d6fd5b82831dfd353816a5f71d6a41c1?s=96&d=mm&r=g","contentUrl":"https:\/\/secure.gravatar.com\/avatar\/19ebbf1afa98a5e0c95c1e872a932bf3d6fd5b82831dfd353816a5f71d6a41c1?s=96&d=mm&r=g","caption":"Eva-Marie Mihai"},"url":"https:\/\/bcc.no\/fr\/author\/18082\/"}]}},"uagb_featured_image_src":{"full":["https:\/\/bcc.no\/wp-content\/uploads\/2026\/02\/2026_Frivillighetshelg_Workshops-20-scaled.jpg",2560,1707,false],"thumbnail":["https:\/\/bcc.no\/wp-content\/uploads\/2026\/02\/2026_Frivillighetshelg_Workshops-20-150x150.jpg",150,150,true],"medium":["https:\/\/bcc.no\/wp-content\/uploads\/2026\/02\/2026_Frivillighetshelg_Workshops-20-300x200.jpg",300,200,true],"medium_large":["https:\/\/bcc.no\/wp-content\/uploads\/2026\/02\/2026_Frivillighetshelg_Workshops-20-768x512.jpg",640,427,true],"large":["https:\/\/bcc.no\/wp-content\/uploads\/2026\/02\/2026_Frivillighetshelg_Workshops-20-1024x683.jpg",640,427,true],"1536x1536":["https:\/\/bcc.no\/wp-content\/uploads\/2026\/02\/2026_Frivillighetshelg_Workshops-20-1536x1024.jpg",1536,1024,true],"2048x2048":["https:\/\/bcc.no\/wp-content\/uploads\/2026\/02\/2026_Frivillighetshelg_Workshops-20-2048x1365.jpg",2048,1365,true]},"uagb_author_info":{"display_name":"Eva-Marie Mihai","author_link":"https:\/\/bcc.no\/fr\/author\/18082\/"},"uagb_comment_info":0,"uagb_excerpt":"Environ 300 b\u00e9n\u00e9voles de plusieurs pays se sont r\u00e9unis pour un week-end de b\u00e9n\u00e9volat \u00e0 la mi-f\u00e9vrier. Tout \u00e9tait r\u00e9uni pour favoriser l'inspiration, l'enrichissement professionnel et la collaboration entre les diff\u00e9rents domaines et les assembl\u00e9es locales.","_links":{"self":[{"href":"https:\/\/bcc.no\/fr\/wp-json\/wp\/v2\/posts\/144864","targetHints":{"allow":["GET"]}}],"collection":[{"href":"https:\/\/bcc.no\/fr\/wp-json\/wp\/v2\/posts"}],"about":[{"href":"https:\/\/bcc.no\/fr\/wp-json\/wp\/v2\/types\/post"}],"author":[{"embeddable":true,"href":"https:\/\/bcc.no\/fr\/wp-json\/wp\/v2\/users\/24"}],"replies":[{"embeddable":true,"href":"https:\/\/bcc.no\/fr\/wp-json\/wp\/v2\/comments?post=144864"}],"version-history":[{"count":0,"href":"https:\/\/bcc.no\/fr\/wp-json\/wp\/v2\/posts\/144864\/revisions"}],"wp:featuredmedia":[{"embeddable":true,"href":"https:\/\/bcc.no\/fr\/wp-json\/wp\/v2\/media\/144754"}],"wp:attachment":[{"href":"https:\/\/bcc.no\/fr\/wp-json\/wp\/v2\/media?parent=144864"}],"wp:term":[{"taxonomy":"category","embeddable":true,"href":"https:\/\/bcc.no\/fr\/wp-json\/wp\/v2\/categories?post=144864"},{"taxonomy":"post_tag","embeddable":true,"href":"https:\/\/bcc.no\/fr\/wp-json\/wp\/v2\/tags?post=144864"}],"curies":[{"name":"wp","href":"https:\/\/api.w.org\/{rel}","templated":true}]}}