{"id":147605,"date":"2026-03-09T13:57:00","date_gmt":"2026-03-09T12:57:00","guid":{"rendered":"https:\/\/bcc.no\/im-alltag-das-ewige-leben-ergreifen\/"},"modified":"2026-04-27T12:06:19","modified_gmt":"2026-04-27T11:06:19","slug":"im-alltag-das-ewige-leben-ergreifen","status":"publish","type":"post","link":"https:\/\/bcc.no\/de\/im-alltag-das-ewige-leben-ergreifen\/","title":{"rendered":"Im Alltag das ewige Leben ergreifen"},"content":{"rendered":"\n<p>Auf der B\u00fchne sitzt Mirjam Haukelids\u00e6ter (94); neben ihr ihre Tochter Marit Olsen (50).<\/p>\n\n\n\n<p>Marit erz\u00e4hlt von ihrer Kindheit in einem sehr gastfreundlichen Zuhause im Zentrum von Oslo. Wir hatten vor den Konferenzen immer Freunde zu Besuch, die von anderen Orten angereist kamen.<\/p>\n\n\n\n<p>\u2013 Es herrschte eine gem\u00fctliche Atmosph\u00e4re mit Gespr\u00e4chen und Musik bis sp\u00e4t in die Nacht, sagt sie.<\/p>\n\n\n\n<figure class=\"wp-block-image size-full\"><img loading=\"lazy\" decoding=\"async\" width=\"1532\" height=\"620\" src=\"https:\/\/bcc.no\/wp-content\/uploads\/2026\/03\/2026_Sostrestevne_fest-50-scaled-e1773135423739.jpg\" alt=\"\" class=\"wp-image-145176\"\/><figcaption class=\"wp-element-caption\">Mirjam Haukelids\u00e6ter (94) zusammen mit ihrer Tochter Marit Olsen (50).<\/figcaption><\/figure>\n\n\n\n<p>Mirjam k\u00fcmmerte sich um die G\u00e4ste, und als junges M\u00e4dchen half Marit mit \u2013 mehr oder weniger, erz\u00e4hlt sie und lacht.<br><br>Ihre Mutter sieht sie mit einem unlesbaren Gesichtsausdruck an und sagt nichts dazu. Die vielsagende Stille bringt den ganzen Saal zum Lachen.<\/p>\n\n\n\n<h3 class=\"wp-block-heading\">Es geht um die Erl\u00f6sung im t\u00e4glichen Leben<\/h3>\n\n\n\n<p>Der Festabend begann mit einer Rede von K\u00e5re J. Smith. Das Thema des Abends lautete: \u201eErgreife das ewige Leben.\u201c<\/p>\n\n\n\n<figure class=\"wp-block-image size-full\"><img loading=\"lazy\" decoding=\"async\" width=\"2560\" height=\"1707\" src=\"https:\/\/bcc.no\/wp-content\/uploads\/2026\/03\/2026_sostretstevne_festkveld-28-scaled.jpg\" alt=\"\" class=\"wp-image-145196\"\/><figcaption class=\"wp-element-caption\">K\u00e5re J. Smith er\u00f6ffnete den Abend mit einer Rede.\u00a0<\/figcaption><\/figure>\n\n\n\n<p>F\u00fcr die 94-j\u00e4hrige Mirjam sind das weit mehr als sch\u00f6ne Worte. Sie erz\u00e4hlt aus ihrem eigenen Leben, wie sie das in der Praxis erlebt.<\/p>\n\n\n\n<div class=\"wp-block-media-text has-media-on-the-right is-stacked-on-mobile\" style=\"grid-template-columns:auto 35%\"><div class=\"wp-block-media-text__content\">\n<p>\u2013 Jeden Tag muss man im Kampf stehen, sein Kreuz auf sich nehmen und sich selbst verleugnen, wie Jesus es uns gelehrt hat, sagt Mirjam.<\/p>\n\n\n\n<p>Sie erz\u00e4hlt, dass sie oft an die Verse aus Psalm 118,24\u201325 denkt: Dies ist der Tag, den der HERR macht; lasst uns freuen und fr\u00f6hlich an ihm sein. O HERR, hilf! O HERR, lass wohlgelingen!<\/p>\n\n\n\n<blockquote class=\"wp-block-quote is-layout-flow wp-block-quote-is-layout-flow\">\n<p>&#8211; Ob gute oder schwere Zeiten kommen \u2013 sie f\u00fchren zur Erl\u00f6sung, sagt Mirjam.<\/p>\n<\/blockquote>\n<\/div><figure class=\"wp-block-media-text__media\"><img loading=\"lazy\" decoding=\"async\" width=\"683\" height=\"1024\" src=\"https:\/\/bcc.no\/wp-content\/uploads\/2026\/03\/2026_Sostrestevne_fest-47-683x1024.jpg\" alt=\"\" class=\"wp-image-145181 size-full\"\/><\/figure><\/div>\n\n\n\n<div style=\"height:13px\" aria-hidden=\"true\" class=\"wp-block-spacer\"><\/div>\n\n\n\n<h3 class=\"wp-block-heading\">Eine Kindheit voller Freude und guter Atmosph\u00e4re<\/h3>\n\n\n<div class=\"wp-block-image\">\n<figure class=\"alignleft size-full is-resized\"><img loading=\"lazy\" decoding=\"async\" width=\"856\" height=\"1280\" src=\"https:\/\/bcc.no\/wp-content\/uploads\/2026\/03\/photo_2026-03-10-10.39.52.jpeg\" alt=\"\" class=\"wp-image-145292\" style=\"aspect-ratio:0.6689718214697349;width:269px;height:auto\"\/><figcaption class=\"wp-element-caption\">Mirjam als junges M\u00e4dchen.<\/figcaption><\/figure>\n<\/div>\n\n\n<p>Mirjam wuchs in Horten unter der Verk\u00fcndigung von Johan O. Smith auf. Das pr\u00e4gte sowohl ihr eigenes Leben als auch das Zuhause, das sie sp\u00e4ter mit ihrem Mann und ihren Kindern schuf.<\/p>\n\n\n\n<p>Eine Erinnerung aus ihrer Kindheit hat sich ihr tief eingepr\u00e4gt: Eines Abends, auf dem Heimweg vom Versammlungslokal, trafen sie und ihr Vater auf der Stra\u00dfe Johan O. Smith.<\/p>\n\n\n\n<p>\u2013 Pl\u00f6tzlich legte er mir die Hand auf den Kopf und segnete mich. Das hat bei mir einen tiefen Eindruck hinterlassen, sagt Mirjam.<\/p>\n\n\n\n<p>Weiter erz\u00e4hlt sie, dass es nicht \u201egesetzlich\u201c mit vielen Regeln zuging. Es gab viel Freude und eine gute Atmosph\u00e4re, und sie machten oft Ausfl\u00fcge zum Strand, weil Johan O. Smith wollte, dass unter ihnen eine gute Gemeinschaft herrschte.<\/p>\n\n\n\n<div style=\"height:7px\" aria-hidden=\"true\" class=\"wp-block-spacer\"><\/div>\n\n\n\n<p>\u2013 Ich bin sehr dankbar f\u00fcr die gute und gesunde Kindheit, die ich hatte. Sie hat mir mein ganzes Leben hindurch geholfen, sagt Mirjam.<\/p>\n\n\n\n<figure class=\"wp-block-image size-full\"><img loading=\"lazy\" decoding=\"async\" width=\"2560\" height=\"1707\" src=\"https:\/\/bcc.no\/wp-content\/uploads\/2026\/03\/2026_sostretstevne_festkveld-10-scaled.jpg\" alt=\"\" class=\"wp-image-145146\"\/><figcaption class=\"wp-element-caption\">Der Chor hat das Fest mit mehreren Liedern bereichert.<\/figcaption><\/figure>\n\n\n\n<h3 class=\"wp-block-heading\">Raum f\u00fcreinander \u2013 und ein authentisches Leben<\/h3>\n\n\n\n<p>Eine solche Kindheit erlebte auch ihre Tochter Marit.<\/p>\n\n\n\n<p>\u2013 Ich durfte zu hundert Prozent ich selbst sein. Zu Hause hatte ich viel Freiraum und konnte mich entfalten. \u201eWir haben gelernt, dass geistlich zu sein bedeutet, nat\u00fcrlich zu sein\u201c, sagt sie und f\u00fcgt hinzu:<\/p>\n\n\n\n<p>\u2013 Christ zu sein ist etwas Sch\u00f6nes!<\/p>\n\n\n\n<figure class=\"wp-block-gallery has-nested-images columns-default is-cropped wp-block-gallery-1 is-layout-flex wp-block-gallery-is-layout-flex\">\n<figure class=\"wp-block-image size-large\"><img loading=\"lazy\" decoding=\"async\" width=\"1024\" height=\"683\" data-id=\"145221\" src=\"https:\/\/bcc.no\/wp-content\/uploads\/2026\/03\/2026_Sostrestevne_fest-70-1024x683.jpg\" alt=\"\" class=\"wp-image-145221\"\/><figcaption class=\"wp-element-caption\">Drei Schweizer Frauen trugen mit dem Lied \u201eIch schenk\u2019 Dir einen Jodler\u201c zum Festabend bei<\/figcaption><\/figure>\n\n\n\n<figure class=\"wp-block-image size-large\"><img loading=\"lazy\" decoding=\"async\" width=\"1024\" height=\"683\" data-id=\"145384\" src=\"https:\/\/bcc.no\/wp-content\/uploads\/2026\/03\/2026_sostretstevne_festkveld-28-1-1024x683.jpg\" alt=\"\" class=\"wp-image-145384\"\/><figcaption class=\"wp-element-caption\">K\u00e5re J. Smith er\u00f6ffnete den Festabend mit einer Ansprache.<\/figcaption><\/figure>\n\n\n\n<figure class=\"wp-block-image size-large\"><img loading=\"lazy\" decoding=\"async\" width=\"1024\" height=\"683\" data-id=\"145419\" src=\"https:\/\/bcc.no\/wp-content\/uploads\/2026\/03\/2026_sostretstevne_festkveld-10-1-1024x683.jpg\" alt=\"\" class=\"wp-image-145419\"\/><figcaption class=\"wp-element-caption\">Der Chor hatte f\u00fcr diesen Abend mehrere Lieder vorbereitet.<\/figcaption><\/figure>\n\n\n\n<figure class=\"wp-block-image size-large\"><img loading=\"lazy\" decoding=\"async\" width=\"1024\" height=\"683\" data-id=\"145409\" src=\"https:\/\/bcc.no\/wp-content\/uploads\/2026\/03\/2026_sostretstevne_festkveld-2-1-1024x683.jpg\" alt=\"\" class=\"wp-image-145409\"\/><figcaption class=\"wp-element-caption\">Auf jedem Stuhl lag eine Karte mit einer kleinen Schleife.<\/figcaption><\/figure>\n\n\n\n<figure class=\"wp-block-image size-large\"><img loading=\"lazy\" decoding=\"async\" width=\"1024\" height=\"683\" data-id=\"145429\" src=\"https:\/\/bcc.no\/wp-content\/uploads\/2026\/03\/2026_sostretstevne_festkveld-8-1-1024x683.jpg\" alt=\"\" class=\"wp-image-145429\"\/><figcaption class=\"wp-element-caption\">Vibeke Nielsen, Kaja Tangen und Dorothy Cinnamon sangen das Lied \u201eWer wird bei der Wiederkunft Christi sich freun\u201c aus dem Liederbuch \u201eWege des Herrn\u201c.<\/figcaption><\/figure>\n\n\n\n<figure class=\"wp-block-image size-large\"><img loading=\"lazy\" decoding=\"async\" width=\"1024\" height=\"683\" data-id=\"145353\" src=\"https:\/\/bcc.no\/wp-content\/uploads\/2026\/03\/2026_Sostrestevne_fest-55-1-1024x683.jpg\" alt=\"\" class=\"wp-image-145353\"\/><figcaption class=\"wp-element-caption\">Beim Podiumsgespr\u00e4ch waren vier Generationen auf der B\u00fchne vertreten.<\/figcaption><\/figure>\n\n\n\n<figure class=\"wp-block-image size-full\"><img loading=\"lazy\" decoding=\"async\" width=\"2560\" height=\"1707\" data-id=\"145231\" src=\"https:\/\/bcc.no\/wp-content\/uploads\/2026\/03\/2026_sostretstevne_festkveld-17-scaled.jpg\" alt=\"\" class=\"wp-image-145231\"\/><figcaption class=\"wp-element-caption\">Linnea Riksfjord sang \u201eKomm und ergreife das Leben\u201c aus \u201eWege des Herrn\u201c.<\/figcaption><\/figure>\n\n\n\n<figure class=\"wp-block-image size-large\"><img loading=\"lazy\" decoding=\"async\" width=\"1024\" height=\"683\" data-id=\"145413\" src=\"https:\/\/bcc.no\/wp-content\/uploads\/2026\/03\/2026_sostretstevne_festkveld-26-1-1024x683.jpg\" alt=\"\" class=\"wp-image-145413\"\/><figcaption class=\"wp-element-caption\">Die Teilnehmer im Saal h\u00f6rten aufmerksam zu.<\/figcaption><\/figure>\n\n\n\n<figure class=\"wp-block-image size-large\"><img loading=\"lazy\" decoding=\"async\" width=\"1024\" height=\"683\" data-id=\"145354\" src=\"https:\/\/bcc.no\/wp-content\/uploads\/2026\/03\/2026_Sostrestevne_fest-11-1-1024x683.jpg\" alt=\"\" class=\"wp-image-145354\"\/><figcaption class=\"wp-element-caption\">Cornelia Bols\u00f8nes und Karina Bernhardsen Opitz sangen \u201eDer Weg zum Himmelreich\u201c.<\/figcaption><\/figure>\n\n\n\n<figure class=\"wp-block-image size-large\"><img loading=\"lazy\" decoding=\"async\" width=\"1024\" height=\"683\" data-id=\"145379\" src=\"https:\/\/bcc.no\/wp-content\/uploads\/2026\/03\/2026_Sostrestevne_fest-86-1-1024x683.jpg\" alt=\"\" class=\"wp-image-145379\"\/><figcaption class=\"wp-element-caption\">Nat\u00fcrlich wurde auch \u201eForever and Ever\u201c gemeinsam gesungen.<\/figcaption><\/figure>\n\n\n\n<figure class=\"wp-block-image size-large\"><img loading=\"lazy\" decoding=\"async\" width=\"1024\" height=\"683\" data-id=\"145374\" src=\"https:\/\/bcc.no\/wp-content\/uploads\/2026\/03\/2026_Sostrestevne_fest-74-1024x683.jpg\" alt=\"\" class=\"wp-image-145374\"\/><figcaption class=\"wp-element-caption\">Der unterhaltsame Teil des Abends sorgte f\u00fcr viel Gel\u00e4chter und Applaus.<\/figcaption><\/figure>\n\n\n\n<figure class=\"wp-block-image size-large\"><img loading=\"lazy\" decoding=\"async\" width=\"1024\" height=\"683\" data-id=\"145333\" src=\"https:\/\/bcc.no\/wp-content\/uploads\/2026\/03\/2026_Sostrestevne_fest-60-1-1024x683.jpg\" alt=\"\" class=\"wp-image-145333\"\/><figcaption class=\"wp-element-caption\">Rebekka aus der Gemeinde Svartskog teilte einige Gedanken zum Thema Ehe.<\/figcaption><\/figure>\n\n\n\n<figure class=\"wp-block-image size-large\"><img loading=\"lazy\" decoding=\"async\" width=\"1024\" height=\"683\" data-id=\"145399\" src=\"https:\/\/bcc.no\/wp-content\/uploads\/2026\/03\/2026_sostrestevne_fitness-49-1024x683.jpg\" alt=\"\" class=\"wp-image-145399\"\/><figcaption class=\"wp-element-caption\">Es gab eine gro\u00dfe Auswahl an Freizeitaktivit\u00e4ten.<\/figcaption><\/figure>\n\n\n\n<figure class=\"wp-block-image size-large\"><img loading=\"lazy\" decoding=\"async\" width=\"1024\" height=\"683\" data-id=\"145389\" src=\"https:\/\/bcc.no\/wp-content\/uploads\/2026\/03\/2026_sostrestevne_fitness-42-1024x683.jpg\" alt=\"\" class=\"wp-image-145389\"\/><figcaption class=\"wp-element-caption\">Neben Ausdauer- und Krafttraining konnten die Teilnehmer auch Yoga, Zumba oder Line Dance w\u00e4hlen.<\/figcaption><\/figure>\n\n\n\n<figure class=\"wp-block-image size-large\"><img loading=\"lazy\" decoding=\"async\" width=\"1024\" height=\"683\" data-id=\"145434\" src=\"https:\/\/bcc.no\/wp-content\/uploads\/2026\/03\/2026_sostretstevne_karaoke-11-1024x683.jpg\" alt=\"\" class=\"wp-image-145434\"\/><figcaption class=\"wp-element-caption\">Engagement bei den S\u00e4ngerinnen am Karaoke-Abend <\/figcaption><\/figure>\n\n\n\n<figure class=\"wp-block-image size-large\"><img loading=\"lazy\" decoding=\"async\" width=\"1024\" height=\"683\" data-id=\"145439\" src=\"https:\/\/bcc.no\/wp-content\/uploads\/2026\/03\/2026_sostretstevne_panitandsip-5-1024x683.jpg\" alt=\"\" class=\"wp-image-145439\"\/><figcaption class=\"wp-element-caption\">Tolle Stimmung beim \u201ePaint\u2019n Sip\u201c&#8230;<\/figcaption><\/figure>\n\n\n\n<figure class=\"wp-block-image size-large\"><img loading=\"lazy\" decoding=\"async\" width=\"1024\" height=\"683\" data-id=\"145424\" src=\"https:\/\/bcc.no\/wp-content\/uploads\/2026\/03\/2026_sostretstevne_panitandsip-12-1024x683.jpg\" alt=\"\" class=\"wp-image-145424\"\/><figcaption class=\"wp-element-caption\">\u2026 was vielleicht eher ein \u201ePaint\u2019n Snakk\u201c geworden ist.<\/figcaption><\/figure>\n\n\n\n<figure class=\"wp-block-image size-large\"><img loading=\"lazy\" decoding=\"async\" width=\"1024\" height=\"683\" data-id=\"145363\" src=\"https:\/\/bcc.no\/wp-content\/uploads\/2026\/03\/2026_Sostrestevne-25-1024x683.jpg\" alt=\"\" class=\"wp-image-145363\"\/><figcaption class=\"wp-element-caption\">Zwischen den Programmpunkten hatten die Frauen Zeit f\u00fcr gute Gespr\u00e4che und Gemeinschaft.<\/figcaption><\/figure>\n\n\n\n<figure class=\"wp-block-image size-large\"><img loading=\"lazy\" decoding=\"async\" width=\"1024\" height=\"683\" data-id=\"145323\" src=\"https:\/\/bcc.no\/wp-content\/uploads\/2026\/03\/2026_Sostrestevne-3-1024x683.jpg\" alt=\"\" class=\"wp-image-145323\"\/><figcaption class=\"wp-element-caption\">Mehr als 5000 M\u00e4dchen und Frauen aus aller Welt waren zur Schwesternkonferenz angereist.<\/figcaption><\/figure>\n<\/figure>\n\n\n\n<div class=\"wp-block-buttons is-layout-flex wp-block-buttons-is-layout-flex\"><\/div>\n\n\n\n    <section class=\"related-articles\" data-columns=\"3\">\n        <h2>Mehr hierzu:<\/h2>\n        <div class=\"related-articles-items\">\n                            <div id=\"post-147136\" class=\"article has-image\">\n                    <div class=\"article-card no-content\">No post available.<\/div>                <\/div>\n                            <div id=\"post-146996\" class=\"article has-image\">\n                    <div class=\"article-card no-content\">No post available.<\/div>                <\/div>\n                            <div id=\"post-146868\" class=\"article has-image\">\n                    <div class=\"article-card no-content\">No post available.<\/div>                <\/div>\n                                <\/div>\n    <\/section>\n\n\n\n<p><a id=\"_msocom_1\"><\/a><\/p>\n\n\n\n<p><\/p>\n\n","protected":false},"excerpt":{"rendered":"<p>Der Festabend auf der Schwesternkonferenz. \u00dcber 5000 Frauen aus aller Welt sind im Saal versammelt. Das Licht ist ged\u00e4mpft und es herrscht eine gem\u00fctliche Atmosph\u00e4re. Die B\u00fchne ist wie ein Wohnzimmer eingerichtet, und auf dem Sofa sitzt eine r\u00fcstige 94-J\u00e4hrige. Mit einem einzigen Blick bringt sie den ganzen Saal zum Lachen.<\/p>\n","protected":false},"author":24,"featured_media":145318,"comment_status":"closed","ping_status":"closed","sticky":false,"template":"","format":"standard","meta":{"_acf_changed":false,"inline_featured_image":false,"_uag_custom_page_level_css":"","bcc_login_visibility":0,"bcc_groups":[],"bcc_groups_email":true,"bcc_visibility_groups":[],"bcc_visibility_groups_email":false,"sent_notifications":[],"footnotes":"","_links_to":"","_links_to_target":""},"categories":[2464],"tags":[],"class_list":["post-147605","post","type-post","status-publish","format-standard","has-post-thumbnail","hentry","category-konferenzen-de"],"acf":{"rss_image":""},"featured_image_src":"https:\/\/bcc.no\/wp-content\/uploads\/2026\/03\/2026_Sostrestevne_fest-47-1-scaled-e1773652490503.jpg","author_info":{"display_name":"Eva-Marie Mihai","author_link":"https:\/\/bcc.no\/de\/author\/18082\/"},"yoast_head":"<!-- This site is optimized with the Yoast SEO plugin v27.4 - https:\/\/yoast.com\/product\/yoast-seo-wordpress\/ -->\n<title>Im Alltag das ewige Leben ergreifen - BCC<\/title>\n<meta name=\"robots\" content=\"index, follow, max-snippet:-1, max-image-preview:large, max-video-preview:-1\" \/>\n<link rel=\"canonical\" href=\"https:\/\/bcc.no\/de\/im-alltag-das-ewige-leben-ergreifen\/\" \/>\n<meta property=\"og:locale\" content=\"de_DE\" \/>\n<meta property=\"og:type\" content=\"article\" \/>\n<meta property=\"og:title\" content=\"Im Alltag das ewige Leben ergreifen - BCC\" \/>\n<meta property=\"og:description\" content=\"Der Festabend auf der Schwesternkonferenz. \u00dcber 5000 Frauen aus aller Welt sind im Saal versammelt. Das Licht ist ged\u00e4mpft und es herrscht eine gem\u00fctliche Atmosph\u00e4re. Die B\u00fchne ist wie ein Wohnzimmer eingerichtet, und auf dem Sofa sitzt eine r\u00fcstige 94-J\u00e4hrige. Mit einem einzigen Blick bringt sie den ganzen Saal zum Lachen.\" \/>\n<meta property=\"og:url\" content=\"https:\/\/bcc.no\/de\/im-alltag-das-ewige-leben-ergreifen\/\" \/>\n<meta property=\"og:site_name\" content=\"BCC\" \/>\n<meta property=\"article:published_time\" content=\"2026-03-09T12:57:00+00:00\" \/>\n<meta property=\"article:modified_time\" content=\"2026-04-27T11:06:19+00:00\" \/>\n<meta property=\"og:image\" content=\"https:\/\/bcc.no\/wp-content\/uploads\/2026\/03\/2026_Sostrestevne_fest-47-1-scaled-e1773652490503.jpg\" \/>\n\t<meta property=\"og:image:width\" content=\"1562\" \/>\n\t<meta property=\"og:image:height\" content=\"1097\" \/>\n\t<meta property=\"og:image:type\" content=\"image\/jpeg\" \/>\n<meta name=\"author\" content=\"Eva-Marie Mihai\" \/>\n<meta name=\"twitter:card\" content=\"summary_large_image\" \/>\n<meta name=\"twitter:label1\" content=\"Verfasst von\" \/>\n\t<meta name=\"twitter:data1\" content=\"Eva-Marie Mihai\" \/>\n\t<meta name=\"twitter:label2\" content=\"Gesch\u00e4tzte Lesezeit\" \/>\n\t<meta name=\"twitter:data2\" content=\"4\u00a0Minuten\" \/>\n<script type=\"application\/ld+json\" class=\"yoast-schema-graph\">{\"@context\":\"https:\\\/\\\/schema.org\",\"@graph\":[{\"@type\":\"Article\",\"@id\":\"https:\\\/\\\/bcc.no\\\/de\\\/im-alltag-das-ewige-leben-ergreifen\\\/#article\",\"isPartOf\":{\"@id\":\"https:\\\/\\\/bcc.no\\\/de\\\/im-alltag-das-ewige-leben-ergreifen\\\/\"},\"author\":{\"name\":\"Eva-Marie Mihai\",\"@id\":\"https:\\\/\\\/bcc.no\\\/de\\\/#\\\/schema\\\/person\\\/bf985f2656dce2449d1e51cb087807c8\"},\"headline\":\"Im Alltag das ewige Leben ergreifen\",\"datePublished\":\"2026-03-09T12:57:00+00:00\",\"dateModified\":\"2026-04-27T11:06:19+00:00\",\"mainEntityOfPage\":{\"@id\":\"https:\\\/\\\/bcc.no\\\/de\\\/im-alltag-das-ewige-leben-ergreifen\\\/\"},\"wordCount\":731,\"publisher\":{\"@id\":\"https:\\\/\\\/bcc.no\\\/de\\\/#organization\"},\"image\":{\"@id\":\"https:\\\/\\\/bcc.no\\\/de\\\/im-alltag-das-ewige-leben-ergreifen\\\/#primaryimage\"},\"thumbnailUrl\":\"https:\\\/\\\/bcc.no\\\/wp-content\\\/uploads\\\/2026\\\/03\\\/2026_Sostrestevne_fest-47-1-scaled-e1773652490503.jpg\",\"articleSection\":[\"Konferenzen\"],\"inLanguage\":\"de\"},{\"@type\":\"WebPage\",\"@id\":\"https:\\\/\\\/bcc.no\\\/de\\\/im-alltag-das-ewige-leben-ergreifen\\\/\",\"url\":\"https:\\\/\\\/bcc.no\\\/de\\\/im-alltag-das-ewige-leben-ergreifen\\\/\",\"name\":\"Im Alltag das ewige Leben ergreifen - BCC\",\"isPartOf\":{\"@id\":\"https:\\\/\\\/bcc.no\\\/de\\\/#website\"},\"primaryImageOfPage\":{\"@id\":\"https:\\\/\\\/bcc.no\\\/de\\\/im-alltag-das-ewige-leben-ergreifen\\\/#primaryimage\"},\"image\":{\"@id\":\"https:\\\/\\\/bcc.no\\\/de\\\/im-alltag-das-ewige-leben-ergreifen\\\/#primaryimage\"},\"thumbnailUrl\":\"https:\\\/\\\/bcc.no\\\/wp-content\\\/uploads\\\/2026\\\/03\\\/2026_Sostrestevne_fest-47-1-scaled-e1773652490503.jpg\",\"datePublished\":\"2026-03-09T12:57:00+00:00\",\"dateModified\":\"2026-04-27T11:06:19+00:00\",\"breadcrumb\":{\"@id\":\"https:\\\/\\\/bcc.no\\\/de\\\/im-alltag-das-ewige-leben-ergreifen\\\/#breadcrumb\"},\"inLanguage\":\"de\",\"potentialAction\":[{\"@type\":\"ReadAction\",\"target\":[\"https:\\\/\\\/bcc.no\\\/de\\\/im-alltag-das-ewige-leben-ergreifen\\\/\"]}]},{\"@type\":\"ImageObject\",\"inLanguage\":\"de\",\"@id\":\"https:\\\/\\\/bcc.no\\\/de\\\/im-alltag-das-ewige-leben-ergreifen\\\/#primaryimage\",\"url\":\"https:\\\/\\\/bcc.no\\\/wp-content\\\/uploads\\\/2026\\\/03\\\/2026_Sostrestevne_fest-47-1-scaled-e1773652490503.jpg\",\"contentUrl\":\"https:\\\/\\\/bcc.no\\\/wp-content\\\/uploads\\\/2026\\\/03\\\/2026_Sostrestevne_fest-47-1-scaled-e1773652490503.jpg\",\"width\":1562,\"height\":1097},{\"@type\":\"WebSite\",\"@id\":\"https:\\\/\\\/bcc.no\\\/de\\\/#website\",\"url\":\"https:\\\/\\\/bcc.no\\\/de\\\/\",\"name\":\"BCC\",\"description\":\"et internasjonalt trossamfunn\",\"publisher\":{\"@id\":\"https:\\\/\\\/bcc.no\\\/de\\\/#organization\"},\"potentialAction\":[{\"@type\":\"SearchAction\",\"target\":{\"@type\":\"EntryPoint\",\"urlTemplate\":\"https:\\\/\\\/bcc.no\\\/de\\\/?s={search_term_string}\"},\"query-input\":{\"@type\":\"PropertyValueSpecification\",\"valueRequired\":true,\"valueName\":\"search_term_string\"}}],\"inLanguage\":\"de\"},{\"@type\":\"Organization\",\"@id\":\"https:\\\/\\\/bcc.no\\\/de\\\/#organization\",\"name\":\"BCC\",\"url\":\"https:\\\/\\\/bcc.no\\\/de\\\/\",\"logo\":{\"@type\":\"ImageObject\",\"inLanguage\":\"de\",\"@id\":\"https:\\\/\\\/bcc.no\\\/de\\\/#\\\/schema\\\/logo\\\/image\\\/\",\"url\":\"https:\\\/\\\/bcc.no\\\/wp-content\\\/uploads\\\/2026\\\/04\\\/bcc_logo_full.svg\",\"contentUrl\":\"https:\\\/\\\/bcc.no\\\/wp-content\\\/uploads\\\/2026\\\/04\\\/bcc_logo_full.svg\",\"caption\":\"BCC\"},\"image\":{\"@id\":\"https:\\\/\\\/bcc.no\\\/de\\\/#\\\/schema\\\/logo\\\/image\\\/\"}},{\"@type\":\"Person\",\"@id\":\"https:\\\/\\\/bcc.no\\\/de\\\/#\\\/schema\\\/person\\\/bf985f2656dce2449d1e51cb087807c8\",\"name\":\"Eva-Marie Mihai\",\"image\":{\"@type\":\"ImageObject\",\"inLanguage\":\"de\",\"@id\":\"https:\\\/\\\/secure.gravatar.com\\\/avatar\\\/19ebbf1afa98a5e0c95c1e872a932bf3d6fd5b82831dfd353816a5f71d6a41c1?s=96&d=mm&r=g\",\"url\":\"https:\\\/\\\/secure.gravatar.com\\\/avatar\\\/19ebbf1afa98a5e0c95c1e872a932bf3d6fd5b82831dfd353816a5f71d6a41c1?s=96&d=mm&r=g\",\"contentUrl\":\"https:\\\/\\\/secure.gravatar.com\\\/avatar\\\/19ebbf1afa98a5e0c95c1e872a932bf3d6fd5b82831dfd353816a5f71d6a41c1?s=96&d=mm&r=g\",\"caption\":\"Eva-Marie Mihai\"},\"url\":\"https:\\\/\\\/bcc.no\\\/de\\\/author\\\/18082\\\/\"}]}<\/script>\n<!-- \/ Yoast SEO plugin. -->","yoast_head_json":{"title":"Im Alltag das ewige Leben ergreifen - BCC","robots":{"index":"index","follow":"follow","max-snippet":"max-snippet:-1","max-image-preview":"max-image-preview:large","max-video-preview":"max-video-preview:-1"},"canonical":"https:\/\/bcc.no\/de\/im-alltag-das-ewige-leben-ergreifen\/","og_locale":"de_DE","og_type":"article","og_title":"Im Alltag das ewige Leben ergreifen - BCC","og_description":"Der Festabend auf der Schwesternkonferenz. \u00dcber 5000 Frauen aus aller Welt sind im Saal versammelt. Das Licht ist ged\u00e4mpft und es herrscht eine gem\u00fctliche Atmosph\u00e4re. Die B\u00fchne ist wie ein Wohnzimmer eingerichtet, und auf dem Sofa sitzt eine r\u00fcstige 94-J\u00e4hrige. Mit einem einzigen Blick bringt sie den ganzen Saal zum Lachen.","og_url":"https:\/\/bcc.no\/de\/im-alltag-das-ewige-leben-ergreifen\/","og_site_name":"BCC","article_published_time":"2026-03-09T12:57:00+00:00","article_modified_time":"2026-04-27T11:06:19+00:00","og_image":[{"width":1562,"height":1097,"url":"https:\/\/bcc.no\/wp-content\/uploads\/2026\/03\/2026_Sostrestevne_fest-47-1-scaled-e1773652490503.jpg","type":"image\/jpeg"}],"author":"Eva-Marie Mihai","twitter_card":"summary_large_image","twitter_misc":{"Verfasst von":"Eva-Marie Mihai","Gesch\u00e4tzte Lesezeit":"4\u00a0Minuten"},"schema":{"@context":"https:\/\/schema.org","@graph":[{"@type":"Article","@id":"https:\/\/bcc.no\/de\/im-alltag-das-ewige-leben-ergreifen\/#article","isPartOf":{"@id":"https:\/\/bcc.no\/de\/im-alltag-das-ewige-leben-ergreifen\/"},"author":{"name":"Eva-Marie Mihai","@id":"https:\/\/bcc.no\/de\/#\/schema\/person\/bf985f2656dce2449d1e51cb087807c8"},"headline":"Im Alltag das ewige Leben ergreifen","datePublished":"2026-03-09T12:57:00+00:00","dateModified":"2026-04-27T11:06:19+00:00","mainEntityOfPage":{"@id":"https:\/\/bcc.no\/de\/im-alltag-das-ewige-leben-ergreifen\/"},"wordCount":731,"publisher":{"@id":"https:\/\/bcc.no\/de\/#organization"},"image":{"@id":"https:\/\/bcc.no\/de\/im-alltag-das-ewige-leben-ergreifen\/#primaryimage"},"thumbnailUrl":"https:\/\/bcc.no\/wp-content\/uploads\/2026\/03\/2026_Sostrestevne_fest-47-1-scaled-e1773652490503.jpg","articleSection":["Konferenzen"],"inLanguage":"de"},{"@type":"WebPage","@id":"https:\/\/bcc.no\/de\/im-alltag-das-ewige-leben-ergreifen\/","url":"https:\/\/bcc.no\/de\/im-alltag-das-ewige-leben-ergreifen\/","name":"Im Alltag das ewige Leben ergreifen - BCC","isPartOf":{"@id":"https:\/\/bcc.no\/de\/#website"},"primaryImageOfPage":{"@id":"https:\/\/bcc.no\/de\/im-alltag-das-ewige-leben-ergreifen\/#primaryimage"},"image":{"@id":"https:\/\/bcc.no\/de\/im-alltag-das-ewige-leben-ergreifen\/#primaryimage"},"thumbnailUrl":"https:\/\/bcc.no\/wp-content\/uploads\/2026\/03\/2026_Sostrestevne_fest-47-1-scaled-e1773652490503.jpg","datePublished":"2026-03-09T12:57:00+00:00","dateModified":"2026-04-27T11:06:19+00:00","breadcrumb":{"@id":"https:\/\/bcc.no\/de\/im-alltag-das-ewige-leben-ergreifen\/#breadcrumb"},"inLanguage":"de","potentialAction":[{"@type":"ReadAction","target":["https:\/\/bcc.no\/de\/im-alltag-das-ewige-leben-ergreifen\/"]}]},{"@type":"ImageObject","inLanguage":"de","@id":"https:\/\/bcc.no\/de\/im-alltag-das-ewige-leben-ergreifen\/#primaryimage","url":"https:\/\/bcc.no\/wp-content\/uploads\/2026\/03\/2026_Sostrestevne_fest-47-1-scaled-e1773652490503.jpg","contentUrl":"https:\/\/bcc.no\/wp-content\/uploads\/2026\/03\/2026_Sostrestevne_fest-47-1-scaled-e1773652490503.jpg","width":1562,"height":1097},{"@type":"WebSite","@id":"https:\/\/bcc.no\/de\/#website","url":"https:\/\/bcc.no\/de\/","name":"BCC","description":"et internasjonalt trossamfunn","publisher":{"@id":"https:\/\/bcc.no\/de\/#organization"},"potentialAction":[{"@type":"SearchAction","target":{"@type":"EntryPoint","urlTemplate":"https:\/\/bcc.no\/de\/?s={search_term_string}"},"query-input":{"@type":"PropertyValueSpecification","valueRequired":true,"valueName":"search_term_string"}}],"inLanguage":"de"},{"@type":"Organization","@id":"https:\/\/bcc.no\/de\/#organization","name":"BCC","url":"https:\/\/bcc.no\/de\/","logo":{"@type":"ImageObject","inLanguage":"de","@id":"https:\/\/bcc.no\/de\/#\/schema\/logo\/image\/","url":"https:\/\/bcc.no\/wp-content\/uploads\/2026\/04\/bcc_logo_full.svg","contentUrl":"https:\/\/bcc.no\/wp-content\/uploads\/2026\/04\/bcc_logo_full.svg","caption":"BCC"},"image":{"@id":"https:\/\/bcc.no\/de\/#\/schema\/logo\/image\/"}},{"@type":"Person","@id":"https:\/\/bcc.no\/de\/#\/schema\/person\/bf985f2656dce2449d1e51cb087807c8","name":"Eva-Marie Mihai","image":{"@type":"ImageObject","inLanguage":"de","@id":"https:\/\/secure.gravatar.com\/avatar\/19ebbf1afa98a5e0c95c1e872a932bf3d6fd5b82831dfd353816a5f71d6a41c1?s=96&d=mm&r=g","url":"https:\/\/secure.gravatar.com\/avatar\/19ebbf1afa98a5e0c95c1e872a932bf3d6fd5b82831dfd353816a5f71d6a41c1?s=96&d=mm&r=g","contentUrl":"https:\/\/secure.gravatar.com\/avatar\/19ebbf1afa98a5e0c95c1e872a932bf3d6fd5b82831dfd353816a5f71d6a41c1?s=96&d=mm&r=g","caption":"Eva-Marie Mihai"},"url":"https:\/\/bcc.no\/de\/author\/18082\/"}]}},"uagb_featured_image_src":{"full":["https:\/\/bcc.no\/wp-content\/uploads\/2026\/03\/2026_Sostrestevne_fest-47-1-scaled-e1773652490503.jpg",1562,1097,false],"thumbnail":["https:\/\/bcc.no\/wp-content\/uploads\/2026\/03\/2026_Sostrestevne_fest-47-1-scaled-e1773652490503-150x150.jpg",150,150,true],"medium":["https:\/\/bcc.no\/wp-content\/uploads\/2026\/03\/2026_Sostrestevne_fest-47-1-scaled-e1773652490503-300x211.jpg",300,211,true],"medium_large":["https:\/\/bcc.no\/wp-content\/uploads\/2026\/03\/2026_Sostrestevne_fest-47-1-scaled-e1773652490503-768x539.jpg",640,449,true],"large":["https:\/\/bcc.no\/wp-content\/uploads\/2026\/03\/2026_Sostrestevne_fest-47-1-scaled-e1773652490503-1024x719.jpg",640,449,true],"1536x1536":["https:\/\/bcc.no\/wp-content\/uploads\/2026\/03\/2026_Sostrestevne_fest-47-1-scaled-e1773652490503-1536x1079.jpg",1536,1079,true],"2048x2048":["https:\/\/bcc.no\/wp-content\/uploads\/2026\/03\/2026_Sostrestevne_fest-47-1-1366x2048.jpg",1366,2048,true]},"uagb_author_info":{"display_name":"Eva-Marie Mihai","author_link":"https:\/\/bcc.no\/de\/author\/18082\/"},"uagb_comment_info":0,"uagb_excerpt":"Der Festabend auf der Schwesternkonferenz. \u00dcber 5000 Frauen aus aller Welt sind im Saal versammelt. Das Licht ist ged\u00e4mpft und es herrscht eine gem\u00fctliche Atmosph\u00e4re. Die B\u00fchne ist wie ein Wohnzimmer eingerichtet, und auf dem Sofa sitzt eine r\u00fcstige 94-J\u00e4hrige. Mit einem einzigen Blick bringt sie den ganzen Saal zum Lachen.","_links":{"self":[{"href":"https:\/\/bcc.no\/de\/wp-json\/wp\/v2\/posts\/147605","targetHints":{"allow":["GET"]}}],"collection":[{"href":"https:\/\/bcc.no\/de\/wp-json\/wp\/v2\/posts"}],"about":[{"href":"https:\/\/bcc.no\/de\/wp-json\/wp\/v2\/types\/post"}],"author":[{"embeddable":true,"href":"https:\/\/bcc.no\/de\/wp-json\/wp\/v2\/users\/24"}],"replies":[{"embeddable":true,"href":"https:\/\/bcc.no\/de\/wp-json\/wp\/v2\/comments?post=147605"}],"version-history":[{"count":0,"href":"https:\/\/bcc.no\/de\/wp-json\/wp\/v2\/posts\/147605\/revisions"}],"wp:featuredmedia":[{"embeddable":true,"href":"https:\/\/bcc.no\/de\/wp-json\/wp\/v2\/media\/145318"}],"wp:attachment":[{"href":"https:\/\/bcc.no\/de\/wp-json\/wp\/v2\/media?parent=147605"}],"wp:term":[{"taxonomy":"category","embeddable":true,"href":"https:\/\/bcc.no\/de\/wp-json\/wp\/v2\/categories?post=147605"},{"taxonomy":"post_tag","embeddable":true,"href":"https:\/\/bcc.no\/de\/wp-json\/wp\/v2\/tags?post=147605"}],"curies":[{"name":"wp","href":"https:\/\/api.w.org\/{rel}","templated":true}]}}