{"id":146870,"date":"2026-02-17T14:35:05","date_gmt":"2026-02-17T13:35:05","guid":{"rendered":"https:\/\/bcc.no\/ehrenamtswochenende-brachte-engagierte-teilnehmer-zusammen\/"},"modified":"2026-04-02T22:11:46","modified_gmt":"2026-04-02T21:11:46","slug":"ehrenamtswochenende-brachte-engagierte-teilnehmer-zusammen","status":"publish","type":"post","link":"https:\/\/bcc.no\/de\/ehrenamtswochenende-brachte-engagierte-teilnehmer-zusammen\/","title":{"rendered":"Ehrenamtswochenende brachte engagierte Teilnehmer zusammen"},"content":{"rendered":"\n<p>Ehrenamtswochenenden haben sich in den letzten Jahren zu einer gemeinsamen Plattform entwickelt, auf der zentrale Gremien und Organisationen zielgerichtet an ihren Projekten, Aufgaben und Zielen arbeiten k\u00f6nnen. Durch Kurse, Workshops und Erfahrungsaustausch erhalten die Teilnehmer wertvolle Hilfsmittel f\u00fcr ihre ehrenamtliche Arbeit.<\/p>\n\n\n\n<figure class=\"wp-block-gallery has-nested-images columns-default is-cropped wp-block-gallery-1 is-layout-flex wp-block-gallery-is-layout-flex\">\n<figure class=\"wp-block-image size-large\"><img loading=\"lazy\" decoding=\"async\" width=\"1024\" height=\"683\" data-id=\"144728\" src=\"https:\/\/bcc.no\/wp-content\/uploads\/2026\/02\/2026_Frivillighetshelg_Halvarswebinar-22-1024x683.jpg\" alt=\"\" class=\"wp-image-144728\"\/><figcaption class=\"wp-element-caption\"><br><br>Halbjahreswebinar: Kristian Smith informierte \u00fcber die n\u00e4chste Missionskollekte. Foto: BCC<\/figcaption><\/figure>\n\n\n\n<figure class=\"wp-block-image size-large\"><img loading=\"lazy\" decoding=\"async\" width=\"1024\" height=\"683\" data-id=\"144723\" src=\"https:\/\/bcc.no\/wp-content\/uploads\/2026\/02\/2026_Frivillighetshelg_Halvarswebinar-18-1024x683.jpg\" alt=\"\" class=\"wp-image-144723\"\/><figcaption class=\"wp-element-caption\"><br><br>Anne Lea Nielsen zeigte hilfreiche Tipps im Mitgliederportal bcc.no und ermutigte dazu, Verbesserungsvorschl\u00e4ge einzureichen. Foto: BCC<br><\/figcaption><\/figure>\n\n\n\n<figure class=\"wp-block-image size-large\"><img loading=\"lazy\" decoding=\"async\" width=\"1024\" height=\"683\" data-id=\"144713\" src=\"https:\/\/bcc.no\/wp-content\/uploads\/2026\/02\/2026_Frivillighetshelg_Halvarswebinar-30-1024x683.jpg\" alt=\"\" class=\"wp-image-144713\"\/><figcaption class=\"wp-element-caption\"><br><br>Robin Fuglset und Marius Log informierten \u00fcber die Aktion f\u00fcr Jugendliche: BUK Unboxing. Foto: BCC<\/figcaption><\/figure>\n\n\n\n<figure class=\"wp-block-image size-large\"><img loading=\"lazy\" decoding=\"async\" width=\"1024\" height=\"683\" data-id=\"144708\" src=\"https:\/\/bcc.no\/wp-content\/uploads\/2026\/02\/2026_Frivillighetshelg_Halvarswebinar-36-1024x683.jpg\" alt=\"\" class=\"wp-image-144708\"\/><figcaption class=\"wp-element-caption\"><br><br>Miriam Hartje Oommen gab einen Einblick in die Zahlen hinter der ehrenamtliche Arbeit bei Veranstaltungen. Foto: BCC<\/figcaption><\/figure>\n\n\n\n<figure class=\"wp-block-image size-large\"><img loading=\"lazy\" decoding=\"async\" width=\"1024\" height=\"683\" data-id=\"144759\" src=\"https:\/\/bcc.no\/wp-content\/uploads\/2026\/02\/2026_Frivillighetshelg_Workshops-43-1024x683.jpg\" alt=\"\" class=\"wp-image-144759\"\/><figcaption class=\"wp-element-caption\">Ehrenamtswochenenden haben sich in den letzten Jahren zu einem Ort f\u00fcr Schulungen entwickelt \u2013 hier f\u00fcr das Sanit\u00e4tsteam. Foto: BCC<\/figcaption><\/figure>\n\n\n\n<figure class=\"wp-block-image size-large\"><img loading=\"lazy\" decoding=\"async\" width=\"1024\" height=\"683\" data-id=\"144769\" src=\"https:\/\/bcc.no\/wp-content\/uploads\/2026\/02\/2026_Frivillighetshelg_Workshops-30-1024x683.jpg\" alt=\"\" class=\"wp-image-144769\"\/><figcaption class=\"wp-element-caption\">Durch Kurse, Workshops und Erfahrungsaustausch erhalten die Teilnehmer wertvolle Hilfsmittel f\u00fcr ihre ehrenamtliche Arbeit. Foto: BCC<\/figcaption><\/figure>\n\n\n\n<figure class=\"wp-block-image size-large\"><img loading=\"lazy\" decoding=\"async\" width=\"1024\" height=\"683\" data-id=\"144764\" src=\"https:\/\/bcc.no\/wp-content\/uploads\/2026\/02\/2026_Frivillighetshelg_Workshops-42-1024x683.jpg\" alt=\"\" class=\"wp-image-144764\"\/><figcaption class=\"wp-element-caption\">Freiwillige Ersthelfer trainierten f\u00fcr ernste Notf\u00e4lle. Foto: BCC<\/figcaption><\/figure>\n\n\n\n<figure class=\"wp-block-image size-large\"><img loading=\"lazy\" decoding=\"async\" width=\"1024\" height=\"683\" data-id=\"144744\" src=\"https:\/\/bcc.no\/wp-content\/uploads\/2026\/02\/2026_Frivillighetshelg_Brunstadmagasinet-1024x683.jpg\" alt=\"\" class=\"wp-image-144744\"\/><figcaption class=\"wp-element-caption\">Am Samstagabend stand die Fernsehsendung \u201eMagazin\u201c auf dem Programm. Foto: BCC<\/figcaption><\/figure>\n\n\n\n<figure class=\"wp-block-image size-large\"><img loading=\"lazy\" decoding=\"async\" width=\"1024\" height=\"683\" data-id=\"144734\" src=\"https:\/\/bcc.no\/wp-content\/uploads\/2026\/02\/2026_Frivillighetshelg_Brunstadmagasinet-37-1024x683.jpg\" alt=\"\" class=\"wp-image-144734\"\/><figcaption class=\"wp-element-caption\">Bj\u00f8rn Nilsen und Jermund Pedersen waren im Magazin zu Gast. Foto: BCC<\/figcaption><\/figure>\n\n\n\n<figure class=\"wp-block-image size-large\"><img loading=\"lazy\" decoding=\"async\" width=\"1024\" height=\"683\" data-id=\"144809\" src=\"https:\/\/bcc.no\/wp-content\/uploads\/2026\/02\/2026_Frivillighetshelg_Brunstadmagasinet-32-1-1024x683.jpg\" alt=\"\" class=\"wp-image-144809\"\/><figcaption class=\"wp-element-caption\">Bj\u00f8rn erz\u00e4hlte die Geschichte von einer mysteri\u00f6sen BUK-Box, auf die er aufpassen sollte.<\/figcaption><\/figure>\n\n\n\n<figure class=\"wp-block-image size-large\"><img loading=\"lazy\" decoding=\"async\" width=\"1024\" height=\"683\" data-id=\"144774\" src=\"https:\/\/bcc.no\/wp-content\/uploads\/2026\/02\/2026_Frivillighetshelg_Live-Music-1-1024x683.jpg\" alt=\"\" class=\"wp-image-144774\"\/><figcaption class=\"wp-element-caption\">Die Musiker sorgten den ganzen Abend \u00fcber mit Livemusik f\u00fcr gute Stimmung.<\/figcaption><\/figure>\n\n\n\n<figure class=\"wp-block-image size-large\"><img loading=\"lazy\" decoding=\"async\" width=\"1024\" height=\"683\" data-id=\"144819\" src=\"https:\/\/bcc.no\/wp-content\/uploads\/2026\/02\/2026_Frivillighetshelg_Middag-6-1024x683.jpg\" alt=\"\" class=\"wp-image-144819\"\/><figcaption class=\"wp-element-caption\">In den Pausen nutzten die Teilnehmer die Gelegenheit, Erfahrungen und Ideen auszutauschen.<\/figcaption><\/figure>\n<\/figure>\n\n\n\n<p>Das Wochenende begann mit einer gemeinsamen Versammlung im Plenarsaal, wo Informationen \u00fcber das aktuelle Halbjahr gegeben wurden. Dieser Teil wurde auch gestreamt, damit Leiter und Schl\u00fcsselpersonen in allen Ortsgemeinden ihn verfolgen konnten, selbst wenn sie nicht vor Ort waren.<\/p>\n\n\n\n<p>Am Samstagabend stand die Fernsehsendung \u201eMagazin\u201c auf dem Programm. Diejenigen, die in Brunstad vor Ort waren, nahmen im Plenarsaal teil, w\u00e4hrend Mitglieder auf der ganzen Welt das Programm per Streaming verfolgten.<\/p>\n\n\n\n","protected":false},"excerpt":{"rendered":"<p>Rund 300 Ehrenamtliche aus mehreren L\u00e4ndern waren Mitte Februar zu einem Ehrenamtswochenende versammelt. Hier wurde Raum f\u00fcr Inspiration, fachlichen Austausch und Zusammenarbeit \u00fcber Fachbereiche und Ortsgemeinden hinweg geschaffen.<\/p>\n","protected":false},"author":24,"featured_media":144754,"comment_status":"closed","ping_status":"closed","sticky":false,"template":"","format":"standard","meta":{"_acf_changed":false,"inline_featured_image":false,"_uag_custom_page_level_css":"","bcc_login_visibility":0,"bcc_groups":[],"bcc_groups_email":true,"bcc_visibility_groups":[],"bcc_visibility_groups_email":false,"sent_notifications":[],"footnotes":"","_links_to":"","_links_to_target":""},"categories":[2470],"tags":[],"class_list":["post-146870","post","type-post","status-publish","format-standard","has-post-thumbnail","hentry","category-informationen-de"],"acf":{"rss_image":null},"featured_image_src":"https:\/\/bcc.no\/wp-content\/uploads\/2026\/02\/2026_Frivillighetshelg_Workshops-20-scaled.jpg","author_info":{"display_name":"Eva-Marie Mihai","author_link":"https:\/\/bcc.no\/de\/author\/18082\/"},"yoast_head":"<!-- This site is optimized with the Yoast SEO plugin v27.4 - https:\/\/yoast.com\/product\/yoast-seo-wordpress\/ -->\n<title>Ehrenamtswochenende brachte engagierte Teilnehmer zusammen - BCC<\/title>\n<meta name=\"robots\" content=\"index, follow, max-snippet:-1, max-image-preview:large, max-video-preview:-1\" \/>\n<link rel=\"canonical\" href=\"https:\/\/bcc.no\/de\/ehrenamtswochenende-brachte-engagierte-teilnehmer-zusammen\/\" \/>\n<meta property=\"og:locale\" content=\"de_DE\" \/>\n<meta property=\"og:type\" content=\"article\" \/>\n<meta property=\"og:title\" content=\"Ehrenamtswochenende brachte engagierte Teilnehmer zusammen - BCC\" \/>\n<meta property=\"og:description\" content=\"Rund 300 Ehrenamtliche aus mehreren L\u00e4ndern waren Mitte Februar zu einem Ehrenamtswochenende versammelt. Hier wurde Raum f\u00fcr Inspiration, fachlichen Austausch und Zusammenarbeit \u00fcber Fachbereiche und Ortsgemeinden hinweg geschaffen.\" \/>\n<meta property=\"og:url\" content=\"https:\/\/bcc.no\/de\/ehrenamtswochenende-brachte-engagierte-teilnehmer-zusammen\/\" \/>\n<meta property=\"og:site_name\" content=\"BCC\" \/>\n<meta property=\"article:published_time\" content=\"2026-02-17T13:35:05+00:00\" \/>\n<meta property=\"article:modified_time\" content=\"2026-04-02T21:11:46+00:00\" \/>\n<meta property=\"og:image\" content=\"https:\/\/bcc.no\/wp-content\/uploads\/2026\/02\/2026_Frivillighetshelg_Workshops-20-scaled.jpg\" \/>\n\t<meta property=\"og:image:width\" content=\"2560\" \/>\n\t<meta property=\"og:image:height\" content=\"1707\" \/>\n\t<meta property=\"og:image:type\" content=\"image\/jpeg\" \/>\n<meta name=\"author\" content=\"Eva-Marie Mihai\" \/>\n<meta name=\"twitter:card\" content=\"summary_large_image\" \/>\n<meta name=\"twitter:label1\" content=\"Verfasst von\" \/>\n\t<meta name=\"twitter:data1\" content=\"Eva-Marie Mihai\" \/>\n\t<meta name=\"twitter:label2\" content=\"Gesch\u00e4tzte Lesezeit\" \/>\n\t<meta name=\"twitter:data2\" content=\"2\u00a0Minuten\" \/>\n<script type=\"application\/ld+json\" class=\"yoast-schema-graph\">{\"@context\":\"https:\\\/\\\/schema.org\",\"@graph\":[{\"@type\":\"Article\",\"@id\":\"https:\\\/\\\/bcc.no\\\/de\\\/ehrenamtswochenende-brachte-engagierte-teilnehmer-zusammen\\\/#article\",\"isPartOf\":{\"@id\":\"https:\\\/\\\/bcc.no\\\/de\\\/ehrenamtswochenende-brachte-engagierte-teilnehmer-zusammen\\\/\"},\"author\":{\"name\":\"Eva-Marie Mihai\",\"@id\":\"https:\\\/\\\/bcc.no\\\/de\\\/#\\\/schema\\\/person\\\/bf985f2656dce2449d1e51cb087807c8\"},\"headline\":\"Ehrenamtswochenende brachte engagierte Teilnehmer zusammen\",\"datePublished\":\"2026-02-17T13:35:05+00:00\",\"dateModified\":\"2026-04-02T21:11:46+00:00\",\"mainEntityOfPage\":{\"@id\":\"https:\\\/\\\/bcc.no\\\/de\\\/ehrenamtswochenende-brachte-engagierte-teilnehmer-zusammen\\\/\"},\"wordCount\":305,\"publisher\":{\"@id\":\"https:\\\/\\\/bcc.no\\\/de\\\/#organization\"},\"image\":{\"@id\":\"https:\\\/\\\/bcc.no\\\/de\\\/ehrenamtswochenende-brachte-engagierte-teilnehmer-zusammen\\\/#primaryimage\"},\"thumbnailUrl\":\"https:\\\/\\\/bcc.no\\\/wp-content\\\/uploads\\\/2026\\\/02\\\/2026_Frivillighetshelg_Workshops-20-scaled.jpg\",\"articleSection\":[\"Informationen\"],\"inLanguage\":\"de\"},{\"@type\":\"WebPage\",\"@id\":\"https:\\\/\\\/bcc.no\\\/de\\\/ehrenamtswochenende-brachte-engagierte-teilnehmer-zusammen\\\/\",\"url\":\"https:\\\/\\\/bcc.no\\\/de\\\/ehrenamtswochenende-brachte-engagierte-teilnehmer-zusammen\\\/\",\"name\":\"Ehrenamtswochenende brachte engagierte Teilnehmer zusammen - BCC\",\"isPartOf\":{\"@id\":\"https:\\\/\\\/bcc.no\\\/de\\\/#website\"},\"primaryImageOfPage\":{\"@id\":\"https:\\\/\\\/bcc.no\\\/de\\\/ehrenamtswochenende-brachte-engagierte-teilnehmer-zusammen\\\/#primaryimage\"},\"image\":{\"@id\":\"https:\\\/\\\/bcc.no\\\/de\\\/ehrenamtswochenende-brachte-engagierte-teilnehmer-zusammen\\\/#primaryimage\"},\"thumbnailUrl\":\"https:\\\/\\\/bcc.no\\\/wp-content\\\/uploads\\\/2026\\\/02\\\/2026_Frivillighetshelg_Workshops-20-scaled.jpg\",\"datePublished\":\"2026-02-17T13:35:05+00:00\",\"dateModified\":\"2026-04-02T21:11:46+00:00\",\"breadcrumb\":{\"@id\":\"https:\\\/\\\/bcc.no\\\/de\\\/ehrenamtswochenende-brachte-engagierte-teilnehmer-zusammen\\\/#breadcrumb\"},\"inLanguage\":\"de\",\"potentialAction\":[{\"@type\":\"ReadAction\",\"target\":[\"https:\\\/\\\/bcc.no\\\/de\\\/ehrenamtswochenende-brachte-engagierte-teilnehmer-zusammen\\\/\"]}]},{\"@type\":\"ImageObject\",\"inLanguage\":\"de\",\"@id\":\"https:\\\/\\\/bcc.no\\\/de\\\/ehrenamtswochenende-brachte-engagierte-teilnehmer-zusammen\\\/#primaryimage\",\"url\":\"https:\\\/\\\/bcc.no\\\/wp-content\\\/uploads\\\/2026\\\/02\\\/2026_Frivillighetshelg_Workshops-20-scaled.jpg\",\"contentUrl\":\"https:\\\/\\\/bcc.no\\\/wp-content\\\/uploads\\\/2026\\\/02\\\/2026_Frivillighetshelg_Workshops-20-scaled.jpg\",\"width\":2560,\"height\":1707,\"caption\":\"Rundt 300 frivillige fra flere land var samlet til frivillighetshelg i midten av februar.\"},{\"@type\":\"WebSite\",\"@id\":\"https:\\\/\\\/bcc.no\\\/de\\\/#website\",\"url\":\"https:\\\/\\\/bcc.no\\\/de\\\/\",\"name\":\"BCC\",\"description\":\"et internasjonalt trossamfunn\",\"publisher\":{\"@id\":\"https:\\\/\\\/bcc.no\\\/de\\\/#organization\"},\"potentialAction\":[{\"@type\":\"SearchAction\",\"target\":{\"@type\":\"EntryPoint\",\"urlTemplate\":\"https:\\\/\\\/bcc.no\\\/de\\\/?s={search_term_string}\"},\"query-input\":{\"@type\":\"PropertyValueSpecification\",\"valueRequired\":true,\"valueName\":\"search_term_string\"}}],\"inLanguage\":\"de\"},{\"@type\":\"Organization\",\"@id\":\"https:\\\/\\\/bcc.no\\\/de\\\/#organization\",\"name\":\"BCC\",\"url\":\"https:\\\/\\\/bcc.no\\\/de\\\/\",\"logo\":{\"@type\":\"ImageObject\",\"inLanguage\":\"de\",\"@id\":\"https:\\\/\\\/bcc.no\\\/de\\\/#\\\/schema\\\/logo\\\/image\\\/\",\"url\":\"https:\\\/\\\/bcc.no\\\/wp-content\\\/uploads\\\/2026\\\/04\\\/bcc_logo_full.svg\",\"contentUrl\":\"https:\\\/\\\/bcc.no\\\/wp-content\\\/uploads\\\/2026\\\/04\\\/bcc_logo_full.svg\",\"caption\":\"BCC\"},\"image\":{\"@id\":\"https:\\\/\\\/bcc.no\\\/de\\\/#\\\/schema\\\/logo\\\/image\\\/\"}},{\"@type\":\"Person\",\"@id\":\"https:\\\/\\\/bcc.no\\\/de\\\/#\\\/schema\\\/person\\\/bf985f2656dce2449d1e51cb087807c8\",\"name\":\"Eva-Marie Mihai\",\"image\":{\"@type\":\"ImageObject\",\"inLanguage\":\"de\",\"@id\":\"https:\\\/\\\/secure.gravatar.com\\\/avatar\\\/19ebbf1afa98a5e0c95c1e872a932bf3d6fd5b82831dfd353816a5f71d6a41c1?s=96&d=mm&r=g\",\"url\":\"https:\\\/\\\/secure.gravatar.com\\\/avatar\\\/19ebbf1afa98a5e0c95c1e872a932bf3d6fd5b82831dfd353816a5f71d6a41c1?s=96&d=mm&r=g\",\"contentUrl\":\"https:\\\/\\\/secure.gravatar.com\\\/avatar\\\/19ebbf1afa98a5e0c95c1e872a932bf3d6fd5b82831dfd353816a5f71d6a41c1?s=96&d=mm&r=g\",\"caption\":\"Eva-Marie Mihai\"},\"url\":\"https:\\\/\\\/bcc.no\\\/de\\\/author\\\/18082\\\/\"}]}<\/script>\n<!-- \/ Yoast SEO plugin. -->","yoast_head_json":{"title":"Ehrenamtswochenende brachte engagierte Teilnehmer zusammen - BCC","robots":{"index":"index","follow":"follow","max-snippet":"max-snippet:-1","max-image-preview":"max-image-preview:large","max-video-preview":"max-video-preview:-1"},"canonical":"https:\/\/bcc.no\/de\/ehrenamtswochenende-brachte-engagierte-teilnehmer-zusammen\/","og_locale":"de_DE","og_type":"article","og_title":"Ehrenamtswochenende brachte engagierte Teilnehmer zusammen - BCC","og_description":"Rund 300 Ehrenamtliche aus mehreren L\u00e4ndern waren Mitte Februar zu einem Ehrenamtswochenende versammelt. Hier wurde Raum f\u00fcr Inspiration, fachlichen Austausch und Zusammenarbeit \u00fcber Fachbereiche und Ortsgemeinden hinweg geschaffen.","og_url":"https:\/\/bcc.no\/de\/ehrenamtswochenende-brachte-engagierte-teilnehmer-zusammen\/","og_site_name":"BCC","article_published_time":"2026-02-17T13:35:05+00:00","article_modified_time":"2026-04-02T21:11:46+00:00","og_image":[{"width":2560,"height":1707,"url":"https:\/\/bcc.no\/wp-content\/uploads\/2026\/02\/2026_Frivillighetshelg_Workshops-20-scaled.jpg","type":"image\/jpeg"}],"author":"Eva-Marie Mihai","twitter_card":"summary_large_image","twitter_misc":{"Verfasst von":"Eva-Marie Mihai","Gesch\u00e4tzte Lesezeit":"2\u00a0Minuten"},"schema":{"@context":"https:\/\/schema.org","@graph":[{"@type":"Article","@id":"https:\/\/bcc.no\/de\/ehrenamtswochenende-brachte-engagierte-teilnehmer-zusammen\/#article","isPartOf":{"@id":"https:\/\/bcc.no\/de\/ehrenamtswochenende-brachte-engagierte-teilnehmer-zusammen\/"},"author":{"name":"Eva-Marie Mihai","@id":"https:\/\/bcc.no\/de\/#\/schema\/person\/bf985f2656dce2449d1e51cb087807c8"},"headline":"Ehrenamtswochenende brachte engagierte Teilnehmer zusammen","datePublished":"2026-02-17T13:35:05+00:00","dateModified":"2026-04-02T21:11:46+00:00","mainEntityOfPage":{"@id":"https:\/\/bcc.no\/de\/ehrenamtswochenende-brachte-engagierte-teilnehmer-zusammen\/"},"wordCount":305,"publisher":{"@id":"https:\/\/bcc.no\/de\/#organization"},"image":{"@id":"https:\/\/bcc.no\/de\/ehrenamtswochenende-brachte-engagierte-teilnehmer-zusammen\/#primaryimage"},"thumbnailUrl":"https:\/\/bcc.no\/wp-content\/uploads\/2026\/02\/2026_Frivillighetshelg_Workshops-20-scaled.jpg","articleSection":["Informationen"],"inLanguage":"de"},{"@type":"WebPage","@id":"https:\/\/bcc.no\/de\/ehrenamtswochenende-brachte-engagierte-teilnehmer-zusammen\/","url":"https:\/\/bcc.no\/de\/ehrenamtswochenende-brachte-engagierte-teilnehmer-zusammen\/","name":"Ehrenamtswochenende brachte engagierte Teilnehmer zusammen - BCC","isPartOf":{"@id":"https:\/\/bcc.no\/de\/#website"},"primaryImageOfPage":{"@id":"https:\/\/bcc.no\/de\/ehrenamtswochenende-brachte-engagierte-teilnehmer-zusammen\/#primaryimage"},"image":{"@id":"https:\/\/bcc.no\/de\/ehrenamtswochenende-brachte-engagierte-teilnehmer-zusammen\/#primaryimage"},"thumbnailUrl":"https:\/\/bcc.no\/wp-content\/uploads\/2026\/02\/2026_Frivillighetshelg_Workshops-20-scaled.jpg","datePublished":"2026-02-17T13:35:05+00:00","dateModified":"2026-04-02T21:11:46+00:00","breadcrumb":{"@id":"https:\/\/bcc.no\/de\/ehrenamtswochenende-brachte-engagierte-teilnehmer-zusammen\/#breadcrumb"},"inLanguage":"de","potentialAction":[{"@type":"ReadAction","target":["https:\/\/bcc.no\/de\/ehrenamtswochenende-brachte-engagierte-teilnehmer-zusammen\/"]}]},{"@type":"ImageObject","inLanguage":"de","@id":"https:\/\/bcc.no\/de\/ehrenamtswochenende-brachte-engagierte-teilnehmer-zusammen\/#primaryimage","url":"https:\/\/bcc.no\/wp-content\/uploads\/2026\/02\/2026_Frivillighetshelg_Workshops-20-scaled.jpg","contentUrl":"https:\/\/bcc.no\/wp-content\/uploads\/2026\/02\/2026_Frivillighetshelg_Workshops-20-scaled.jpg","width":2560,"height":1707,"caption":"Rundt 300 frivillige fra flere land var samlet til frivillighetshelg i midten av februar."},{"@type":"WebSite","@id":"https:\/\/bcc.no\/de\/#website","url":"https:\/\/bcc.no\/de\/","name":"BCC","description":"et internasjonalt trossamfunn","publisher":{"@id":"https:\/\/bcc.no\/de\/#organization"},"potentialAction":[{"@type":"SearchAction","target":{"@type":"EntryPoint","urlTemplate":"https:\/\/bcc.no\/de\/?s={search_term_string}"},"query-input":{"@type":"PropertyValueSpecification","valueRequired":true,"valueName":"search_term_string"}}],"inLanguage":"de"},{"@type":"Organization","@id":"https:\/\/bcc.no\/de\/#organization","name":"BCC","url":"https:\/\/bcc.no\/de\/","logo":{"@type":"ImageObject","inLanguage":"de","@id":"https:\/\/bcc.no\/de\/#\/schema\/logo\/image\/","url":"https:\/\/bcc.no\/wp-content\/uploads\/2026\/04\/bcc_logo_full.svg","contentUrl":"https:\/\/bcc.no\/wp-content\/uploads\/2026\/04\/bcc_logo_full.svg","caption":"BCC"},"image":{"@id":"https:\/\/bcc.no\/de\/#\/schema\/logo\/image\/"}},{"@type":"Person","@id":"https:\/\/bcc.no\/de\/#\/schema\/person\/bf985f2656dce2449d1e51cb087807c8","name":"Eva-Marie Mihai","image":{"@type":"ImageObject","inLanguage":"de","@id":"https:\/\/secure.gravatar.com\/avatar\/19ebbf1afa98a5e0c95c1e872a932bf3d6fd5b82831dfd353816a5f71d6a41c1?s=96&d=mm&r=g","url":"https:\/\/secure.gravatar.com\/avatar\/19ebbf1afa98a5e0c95c1e872a932bf3d6fd5b82831dfd353816a5f71d6a41c1?s=96&d=mm&r=g","contentUrl":"https:\/\/secure.gravatar.com\/avatar\/19ebbf1afa98a5e0c95c1e872a932bf3d6fd5b82831dfd353816a5f71d6a41c1?s=96&d=mm&r=g","caption":"Eva-Marie Mihai"},"url":"https:\/\/bcc.no\/de\/author\/18082\/"}]}},"uagb_featured_image_src":{"full":["https:\/\/bcc.no\/wp-content\/uploads\/2026\/02\/2026_Frivillighetshelg_Workshops-20-scaled.jpg",2560,1707,false],"thumbnail":["https:\/\/bcc.no\/wp-content\/uploads\/2026\/02\/2026_Frivillighetshelg_Workshops-20-150x150.jpg",150,150,true],"medium":["https:\/\/bcc.no\/wp-content\/uploads\/2026\/02\/2026_Frivillighetshelg_Workshops-20-300x200.jpg",300,200,true],"medium_large":["https:\/\/bcc.no\/wp-content\/uploads\/2026\/02\/2026_Frivillighetshelg_Workshops-20-768x512.jpg",640,427,true],"large":["https:\/\/bcc.no\/wp-content\/uploads\/2026\/02\/2026_Frivillighetshelg_Workshops-20-1024x683.jpg",640,427,true],"1536x1536":["https:\/\/bcc.no\/wp-content\/uploads\/2026\/02\/2026_Frivillighetshelg_Workshops-20-1536x1024.jpg",1536,1024,true],"2048x2048":["https:\/\/bcc.no\/wp-content\/uploads\/2026\/02\/2026_Frivillighetshelg_Workshops-20-2048x1365.jpg",2048,1365,true]},"uagb_author_info":{"display_name":"Eva-Marie Mihai","author_link":"https:\/\/bcc.no\/de\/author\/18082\/"},"uagb_comment_info":0,"uagb_excerpt":"Rund 300 Ehrenamtliche aus mehreren L\u00e4ndern waren Mitte Februar zu einem Ehrenamtswochenende versammelt. Hier wurde Raum f\u00fcr Inspiration, fachlichen Austausch und Zusammenarbeit \u00fcber Fachbereiche und Ortsgemeinden hinweg geschaffen.","_links":{"self":[{"href":"https:\/\/bcc.no\/de\/wp-json\/wp\/v2\/posts\/146870","targetHints":{"allow":["GET"]}}],"collection":[{"href":"https:\/\/bcc.no\/de\/wp-json\/wp\/v2\/posts"}],"about":[{"href":"https:\/\/bcc.no\/de\/wp-json\/wp\/v2\/types\/post"}],"author":[{"embeddable":true,"href":"https:\/\/bcc.no\/de\/wp-json\/wp\/v2\/users\/24"}],"replies":[{"embeddable":true,"href":"https:\/\/bcc.no\/de\/wp-json\/wp\/v2\/comments?post=146870"}],"version-history":[{"count":0,"href":"https:\/\/bcc.no\/de\/wp-json\/wp\/v2\/posts\/146870\/revisions"}],"wp:featuredmedia":[{"embeddable":true,"href":"https:\/\/bcc.no\/de\/wp-json\/wp\/v2\/media\/144754"}],"wp:attachment":[{"href":"https:\/\/bcc.no\/de\/wp-json\/wp\/v2\/media?parent=146870"}],"wp:term":[{"taxonomy":"category","embeddable":true,"href":"https:\/\/bcc.no\/de\/wp-json\/wp\/v2\/categories?post=146870"},{"taxonomy":"post_tag","embeddable":true,"href":"https:\/\/bcc.no\/de\/wp-json\/wp\/v2\/tags?post=146870"}],"curies":[{"name":"wp","href":"https:\/\/api.w.org\/{rel}","templated":true}]}}